{"id":286968,"date":"2025-07-23T06:22:11","date_gmt":"2025-07-23T06:22:11","guid":{"rendered":"https:\/\/www.europesays.com\/de\/286968\/"},"modified":"2025-07-23T06:22:11","modified_gmt":"2025-07-23T06:22:11","slug":"30-jahre-musicalgeschichte-alsdorf-und-der-gaudi-effekt","status":"publish","type":"post","link":"https:\/\/www.europesays.com\/de\/286968\/","title":{"rendered":"30 Jahre Musicalgeschichte: Alsdorf und der Gaud\u00ed-Effekt"},"content":{"rendered":"<p class=\"Paragraph_root__xJSDF Paragraph_default-lg-default__txMNQ articleParagraph\">Gaud\u00ed war das erste Musical, das in Alsdorf stattfand. Gaud\u00ed war das gr\u00f6\u00dfte Musical, das in Alsdorf stattfand. Gaud\u00ed war das erfolgreichste Musical, das in Alsdorf stattfand. Gaud\u00ed markiert aber gleichzeitig auch das Ende zumindest der erfolgreichen Musical-\u00c4ra in Alsdorf. Warum Gaud\u00ed all das war? \u201eWeil es einfach nur gut war\u201c, sagt Marie Weidinger. Zwar lief Gaud\u00ed in der \u201eEuro Musical Hall\u201c, wie die Stadthalle damals hie\u00df, nur von Mai 1995 bis 1996 \u2013 in dieser Zeit aber jeden Tag, an Wochenenden t\u00e4glich zweimal.<\/p>\n","protected":false},"excerpt":{"rendered":"Gaud\u00ed war das erste Musical, das in Alsdorf stattfand. Gaud\u00ed war das gr\u00f6\u00dfte Musical, das in Alsdorf stattfand.&hellip;\n","protected":false},"author":2,"featured_media":286969,"comment_status":"","ping_status":"","sticky":false,"template":"","format":"standard","meta":{"footnotes":""},"categories":[1853],"tags":[1424,3364,29,548,663,3934,30,13,14,15,1209,12],"class_list":{"0":"post-286968","1":"post","2":"type-post","3":"status-publish","4":"format-standard","5":"has-post-thumbnail","7":"category-aachen","8":"tag-aachen","9":"tag-de","10":"tag-deutschland","11":"tag-eu","12":"tag-europa","13":"tag-europe","14":"tag-germany","15":"tag-headlines","16":"tag-nachrichten","17":"tag-news","18":"tag-nordrhein-westfalen","19":"tag-schlagzeilen"},"share_on_mastodon":{"url":"https:\/\/pubeurope.com\/@de\/114901112782396924","error":""},"_links":{"self":[{"href":"https:\/\/www.europesays.com\/de\/wp-json\/wp\/v2\/posts\/286968","targetHints":{"allow":["GET"]}}],"collection":[{"href":"https:\/\/www.europesays.com\/de\/wp-json\/wp\/v2\/posts"}],"about":[{"href":"https:\/\/www.europesays.com\/de\/wp-json\/wp\/v2\/types\/post"}],"author":[{"embeddable":true,"href":"https:\/\/www.europesays.com\/de\/wp-json\/wp\/v2\/users\/2"}],"replies":[{"embeddable":true,"href":"https:\/\/www.europesays.com\/de\/wp-json\/wp\/v2\/comments?post=286968"}],"version-history":[{"count":0,"href":"https:\/\/www.europesays.com\/de\/wp-json\/wp\/v2\/posts\/286968\/revisions"}],"wp:featuredmedia":[{"embeddable":true,"href":"https:\/\/www.europesays.com\/de\/wp-json\/wp\/v2\/media\/286969"}],"wp:attachment":[{"href":"https:\/\/www.europesays.com\/de\/wp-json\/wp\/v2\/media?parent=286968"}],"wp:term":[{"taxonomy":"category","embeddable":true,"href":"https:\/\/www.europesays.com\/de\/wp-json\/wp\/v2\/categories?post=286968"},{"taxonomy":"post_tag","embeddable":true,"href":"https:\/\/www.europesays.com\/de\/wp-json\/wp\/v2\/tags?post=286968"}],"curies":[{"name":"wp","href":"https:\/\/api.w.org\/{rel}","templated":true}]}}