{"id":287120,"date":"2025-07-23T07:42:10","date_gmt":"2025-07-23T07:42:10","guid":{"rendered":"https:\/\/www.europesays.com\/de\/287120\/"},"modified":"2025-07-23T07:42:10","modified_gmt":"2025-07-23T07:42:10","slug":"bilderbuchkino-kochkurse-und-gruppenberatungen-euregio-aktuell","status":"publish","type":"post","link":"https:\/\/www.europesays.com\/de\/287120\/","title":{"rendered":"Bilderbuchkino, Kochkurse und Gruppenberatungen &#8211; Euregio Aktuell"},"content":{"rendered":"<p><strong>St\u00e4dteRegion Aachen.<\/strong><strong> <\/strong>Die St\u00e4dteRegion Aachen l\u00e4dt Familien, Kinder, Jugendliche und Gro\u00dfeltern herzlich zu neuen kostenfreien Angeboten im Familienb\u00fcro in Baesweiler ein. Im zweiten Halbjahr 2025 finden dort erstmals vielf\u00e4ltige Veranstaltungen statt, die den Familienalltag bereichern, zum Mitmachen einladen und Freude bereiten sollen.<\/p>\n<p>Auf dem Programm stehen unter anderem:<\/p>\n<ul class=\"wp-block-list\">\n<li>Bilderbuchkino mit Bastel- oder Spielimpuls f\u00fcr Kinder ab 3 Jahren (ab 16.08.),<\/li>\n<li>Kochkurse f\u00fcr verschiedene Zielgruppen (ab 02.08.):\n<ul class=\"wp-block-list\">\n<li>Eltern mit Kindern, Geschwister, Gro\u00dfeltern, V\u00e4ter sowie speziell f\u00fcr Jugendliche ab 12 Jahren,<\/li>\n<\/ul>\n<\/li>\n<li>Gruppenberatungen f\u00fcr Eltern rund um gesunde Ern\u00e4hrung, Mahlzeitengestaltung und Beikosteinf\u00fchrung (ab 28.07.).<\/li>\n<\/ul>\n<p>\u201eZiel der neuen, kostenfreien Angebote ist es, Familien ganz praktisch zu unterst\u00fctzen, gemeinsame Erlebnisse zu erm\u00f6glichen und den Austausch untereinander zu f\u00f6rdern. Wir freuen uns auf viele interessierte Familien!\u201c, erkl\u00e4rt Rebecca Hock, Koordinatorin Fr\u00fche Hilfen und Pr\u00e4vention im Amt f\u00fcr Kinder, Jugend und Familie der St\u00e4dteRegion Aachen. Alle Angebote finden im Familienb\u00fcro Baesweiler, Roskaul 5, 52499 Baesweiler, statt. Interessierte k\u00f6nnen sich per E-Mail anmelden unter: <a href=\"https:\/\/euregio-aktuell.eu\/aachen\/bilderbuchkino-kochkurse-und-gruppenberatungen\/mailto:rebecca.hock@staedteregion-aachen.de\" rel=\"nofollow noopener\" target=\"_blank\">rebecca.hock@staedteregion-aachen.de<\/a>. Bitte dabei den Namen und das Alter des Kindes sowie m\u00f6gliche Unvertr\u00e4glichkeiten oder Allergien angeben.<\/p>\n<p>Weitere Informationen und den Flyer mit allen Terminen finden Sie hier: <a href=\"https:\/\/www.staedteregion-aachen.de\/familienzeit-im-familienbuero\" rel=\"nofollow noopener\" target=\"_blank\">https:\/\/www.staedteregion-aachen.de\/familienzeit-im-familienbuero<\/a>.<\/p>\n<p>Das Projekt wird mit Unterst\u00fctzung des Ministeriums f\u00fcr Kinder, Jugend, Familie, Gleichstellung, Flucht und Integration des Landes Nordrhein-Westfalen und im Rahmen des Landesprogramms kinderstark \u2013 NRW schafft Chancen erm\u00f6glicht.<\/p>\n<p><strong>Hintergrund<\/strong><\/p>\n<p>Seit dem 01. September 2024 ist das st\u00e4dteregionale Familienb\u00fcro in Baesweiler eine feste Anlaufstelle f\u00fcr Familien \u2013 egal in welcher Lebenslage. Die Mitarbeitenden des Sozialraumteams der St\u00e4dteRegion Aachen unterst\u00fctzen und beraten die Familien bei<\/p>\n<p>Erziehungsfragen und in Konflikt- oder Krisensituationen. Dar\u00fcber hinaus gibt es das Angebot der allgemeinen Familienberatung und<\/p>\n<p>des Teams der \u201eFr\u00fchen Hilfen\u201c rund um das Thema Schwangerschaft sowie f\u00fcr Eltern mit Kindern bis zu 3 Jahren. Fast t\u00e4glich finden hier auch begleitete Umgangskontakte statt.<\/p>\n","protected":false},"excerpt":{"rendered":"St\u00e4dteRegion Aachen. Die St\u00e4dteRegion Aachen l\u00e4dt Familien, Kinder, Jugendliche und Gro\u00dfeltern herzlich zu neuen kostenfreien Angeboten im Familienb\u00fcro&hellip;\n","protected":false},"author":2,"featured_media":287121,"comment_status":"","ping_status":"","sticky":false,"template":"","format":"standard","meta":{"footnotes":""},"categories":[1853],"tags":[1424,74074,3364,29,548,663,3934,5431,30,84664,13,1722,1114,58150,84665,14,15,1209,12,26848,84666],"class_list":{"0":"post-287120","1":"post","2":"type-post","3":"status-publish","4":"format-standard","5":"has-post-thumbnail","7":"category-aachen","8":"tag-aachen","9":"tag-bilderbuchkino","10":"tag-de","11":"tag-deutschland","12":"tag-eu","13":"tag-europa","14":"tag-europe","15":"tag-familien","16":"tag-germany","17":"tag-gruppenberatung","18":"tag-headlines","19":"tag-jugendliche","20":"tag-kinder","21":"tag-kochkurs","22":"tag-kostefreies-angebot","23":"tag-nachrichten","24":"tag-news","25":"tag-nordrhein-westfalen","26":"tag-schlagzeilen","27":"tag-staedteregion-aachen","28":"tag-veranstaltungshinweise"},"share_on_mastodon":{"url":"https:\/\/pubeurope.com\/@de\/114901427472523349","error":""},"_links":{"self":[{"href":"https:\/\/www.europesays.com\/de\/wp-json\/wp\/v2\/posts\/287120","targetHints":{"allow":["GET"]}}],"collection":[{"href":"https:\/\/www.europesays.com\/de\/wp-json\/wp\/v2\/posts"}],"about":[{"href":"https:\/\/www.europesays.com\/de\/wp-json\/wp\/v2\/types\/post"}],"author":[{"embeddable":true,"href":"https:\/\/www.europesays.com\/de\/wp-json\/wp\/v2\/users\/2"}],"replies":[{"embeddable":true,"href":"https:\/\/www.europesays.com\/de\/wp-json\/wp\/v2\/comments?post=287120"}],"version-history":[{"count":0,"href":"https:\/\/www.europesays.com\/de\/wp-json\/wp\/v2\/posts\/287120\/revisions"}],"wp:featuredmedia":[{"embeddable":true,"href":"https:\/\/www.europesays.com\/de\/wp-json\/wp\/v2\/media\/287121"}],"wp:attachment":[{"href":"https:\/\/www.europesays.com\/de\/wp-json\/wp\/v2\/media?parent=287120"}],"wp:term":[{"taxonomy":"category","embeddable":true,"href":"https:\/\/www.europesays.com\/de\/wp-json\/wp\/v2\/categories?post=287120"},{"taxonomy":"post_tag","embeddable":true,"href":"https:\/\/www.europesays.com\/de\/wp-json\/wp\/v2\/tags?post=287120"}],"curies":[{"name":"wp","href":"https:\/\/api.w.org\/{rel}","templated":true}]}}