{"id":287132,"date":"2025-07-23T07:49:13","date_gmt":"2025-07-23T07:49:13","guid":{"rendered":"https:\/\/www.europesays.com\/de\/287132\/"},"modified":"2025-07-23T07:49:13","modified_gmt":"2025-07-23T07:49:13","slug":"lkw-bleibt-in-augsburg-stecken","status":"publish","type":"post","link":"https:\/\/www.europesays.com\/de\/287132\/","title":{"rendered":"Lkw bleibt in Augsburg stecken"},"content":{"rendered":"<p class=\"mb-6 text-xs md:text-m lg:text-l font-serif group-[.font-sans]:font-sans \">\n    Am Mittwochmorgen gegen 7.15 Uhr ist ein Lkw in der Bahnunterf\u00fchrung in der Schertlinstra\u00dfe in <a href=\"https:\/\/www.augsburger-allgemeine.de\/augsburg\/\" target=\"_self\" class=\"underline \" rel=\"nofollow noopener\">Augsburg<\/a> stecken geblieben. Das Fahrzeug war offenbar zu hoch f\u00fcr die Durchfahrt. Die Polizei ist vor Ort, es kommt zu Verkehrsbehinderungen.\n  <\/p>\n<p>            Lkw bleibt unter Unterf\u00fchrung in Augsburg stecken \u2013 keine Verletzten<\/p>\n<p class=\"mb-6 text-xs md:text-m lg:text-l font-serif group-[.font-sans]:font-sans \">\n    Verletzt wurde nach bisherigen Informationen niemand. Die H\u00f6he des entstandenen Schadens ist noch unklar und Gegenstand laufender Ermittlungen. Die Deutsche Bahn und die Bundespolizei wurden hinzugezogen, um m\u00f6gliche Sch\u00e4den an der Br\u00fccke zu pr\u00fcfen.\n  <\/p>\n<p class=\"mb-6 text-xs md:text-m lg:text-l font-serif group-[.font-sans]:font-sans \">\n    Erst vor wenigen Tagen hatte sich ein \u00e4hnlicher Vorfall in Augsburg-Oberhausen ereignet: Dort war ein <a href=\"https:\/\/www.augsburger-allgemeine.de\/augsburg\/strassensperrung-in-augsburg-doppeldeckerbus-bleibt-in-unterfuehrung-haengen-110458257\" target=\"_self\" class=\"underline \" rel=\"nofollow noopener\">Reisebus in eine Bahnunterf\u00fchrung gefahren und stecken geblieben<\/a>. Acht Personen wurden leicht verletzt, am Fahrzeug entstand massiver Schaden. (fla)\n  <\/p>\n<ul data-module-id=\"DragDropModule\" class=\"flex flex-wrap justify-start group-[.no-bookmarks]:hidden\">\n<li class=\"mb-3 mr-3\">\n    Augsburg<\/p>\n<p>      Icon Haken im Kreis gesetzt<\/p>\n<p>      Icon Plus im Kreis<\/p>\n<\/li>\n<li class=\"mb-3 mr-3\">\n    Bahnunterf\u00fchrung<\/p>\n<p>      Icon Haken im Kreis gesetzt<\/p>\n<p>      Icon Plus im Kreis<\/p>\n<\/li>\n<li class=\"mb-3 mr-3\">\n    Unterf\u00fchrung<\/p>\n<p>      Icon Haken im Kreis gesetzt<\/p>\n<p>      Icon Plus im Kreis<\/p>\n<\/li>\n<\/ul>\n","protected":false},"excerpt":{"rendered":"Am Mittwochmorgen gegen 7.15 Uhr ist ein Lkw in der Bahnunterf\u00fchrung in der Schertlinstra\u00dfe in Augsburg stecken geblieben.&hellip;\n","protected":false},"author":2,"featured_media":287133,"comment_status":"","ping_status":"","sticky":false,"template":"","format":"standard","meta":{"footnotes":""},"categories":[1846],"tags":[680,772,3364,29,548,663,3934,30,13,14,15,12],"class_list":{"0":"post-287132","1":"post","2":"type-post","3":"status-publish","4":"format-standard","5":"has-post-thumbnail","7":"category-augsburg","8":"tag-augsburg","9":"tag-bayern","10":"tag-de","11":"tag-deutschland","12":"tag-eu","13":"tag-europa","14":"tag-europe","15":"tag-germany","16":"tag-headlines","17":"tag-nachrichten","18":"tag-news","19":"tag-schlagzeilen"},"share_on_mastodon":{"url":"https:\/\/pubeurope.com\/@de\/114901454891050603","error":""},"_links":{"self":[{"href":"https:\/\/www.europesays.com\/de\/wp-json\/wp\/v2\/posts\/287132","targetHints":{"allow":["GET"]}}],"collection":[{"href":"https:\/\/www.europesays.com\/de\/wp-json\/wp\/v2\/posts"}],"about":[{"href":"https:\/\/www.europesays.com\/de\/wp-json\/wp\/v2\/types\/post"}],"author":[{"embeddable":true,"href":"https:\/\/www.europesays.com\/de\/wp-json\/wp\/v2\/users\/2"}],"replies":[{"embeddable":true,"href":"https:\/\/www.europesays.com\/de\/wp-json\/wp\/v2\/comments?post=287132"}],"version-history":[{"count":0,"href":"https:\/\/www.europesays.com\/de\/wp-json\/wp\/v2\/posts\/287132\/revisions"}],"wp:featuredmedia":[{"embeddable":true,"href":"https:\/\/www.europesays.com\/de\/wp-json\/wp\/v2\/media\/287133"}],"wp:attachment":[{"href":"https:\/\/www.europesays.com\/de\/wp-json\/wp\/v2\/media?parent=287132"}],"wp:term":[{"taxonomy":"category","embeddable":true,"href":"https:\/\/www.europesays.com\/de\/wp-json\/wp\/v2\/categories?post=287132"},{"taxonomy":"post_tag","embeddable":true,"href":"https:\/\/www.europesays.com\/de\/wp-json\/wp\/v2\/tags?post=287132"}],"curies":[{"name":"wp","href":"https:\/\/api.w.org\/{rel}","templated":true}]}}