{"id":287254,"date":"2025-07-23T09:00:10","date_gmt":"2025-07-23T09:00:10","guid":{"rendered":"https:\/\/www.europesays.com\/de\/287254\/"},"modified":"2025-07-23T09:00:10","modified_gmt":"2025-07-23T09:00:10","slug":"enttaeuschung-bei-ap-us-gericht-bestaetigt-trumps-nachrichtenagentur-bann","status":"publish","type":"post","link":"https:\/\/www.europesays.com\/de\/287254\/","title":{"rendered":"Entt\u00e4uschung bei AP: US-Gericht best\u00e4tigt Trumps Nachrichtenagentur-Bann"},"content":{"rendered":"<p>                    Entt\u00e4uschung bei AP<br \/>\n                US-Gericht best\u00e4tigt Trumps Nachrichtenagentur-Bann<\/p>\n<p>\t\t\t\t              23.07.2025, 08:13 Uhr<\/p>\n<p>\t\t\t\t\t       Artikel anh\u00f6ren<\/p>\n<p>\t\t\t\t\t\t\tDiese Audioversion wurde k\u00fcnstlich generiert. <a href=\"https:\/\/www.n-tv.de\/23249898\" rel=\"nofollow noopener\" target=\"_blank\">Mehr Infos<\/a><\/p>\n<p><strong>Ein Berufungsgericht in Washington entscheidet zugunsten von Trumps Regierung und l\u00e4sst Zugangsbeschr\u00e4nkungen f\u00fcr AP-Journalisten bestehen. Bei der Nachrichtenagentur zeigt man sich entt\u00e4uscht. Doch ganz vom Tisch ist das Thema wahrscheinlich noch nicht.<\/strong><\/p>\n<p>In den USA hat ein Berufungsgericht es abgelehnt, die Einschr\u00e4nkung beim Zugang zum Wei\u00dfen Haus f\u00fcr Journalisten der US-Nachrichtenagentur Associated Press aufzuheben. Das Berufungsgericht f\u00fcr den District of Columbia Circuit verwarf am Dienstag einen entsprechenden Antrag von AP und \u00f6ffnete damit den Weg zu einer Berufung vor dem Obersten Gerichtshof der USA. AP reagierte entt\u00e4uscht auf das Gerichtsurteil: &#8222;Wie wir schon immer gesagt haben, haben die Presse und die \u00d6ffentlichkeit ein Grundrecht auf freie Berichterstattung ohne staatliche Repressalien.&#8220;<\/p>\n<p>AP hatte sich geweigert, der Anweisung von US-Pr\u00e4sident Donald Trump zu folgen und den Golf von Mexiko als Golf von Amerika zu bezeichnen. Daraufhin hatte die US-Regierung den Zugang von AP-Reportern zum Pr\u00e4sidenten-B\u00fcro, dem Oval Office, zum Pr\u00e4sidenten-Flugzeug Air Force One und zu anderen von ihr kontrollierten Orten eingeschr\u00e4nkt. In den redaktionellen Richtlinien von AP hei\u00dft es, dass der Golf von Mexiko seit mehr als 400 Jahren diesen Namen tr\u00e4gt. AP erkl\u00e4rte, dass sie als globale Nachrichtenagentur das Gew\u00e4sser mit seinem langj\u00e4hrigen Namen bezeichnen und gleichzeitig den von Trump gew\u00e4hlten neuen Namen anerkennen werde.<\/p>\n<p>Sowohl Reuters als auch AP haben die ihnen auferlegten Zugangsbeschr\u00e4nkungen zum Pr\u00e4sidenten angeprangert. Die Nachrichtenagenturen m\u00fcssen mit etwa 30 anderen Zeitungs- und Printmedien bei der Platzvergabe rotieren. Unter fr\u00fcheren Regierungen hatten die Nachrichtenagenturen immer einen festen Platz bei Stellungnahmen der Pr\u00e4sidenten. Dies liegt daran, dass sie andere Medien und Finanzm\u00e4rkte in Echtzeit mit Erkl\u00e4rungen des Pr\u00e4sidenten und anderen relevanten Nachrichten beliefern.<\/p>\n","protected":false},"excerpt":{"rendered":"Entt\u00e4uschung bei AP US-Gericht best\u00e4tigt Trumps Nachrichtenagentur-Bann 23.07.2025, 08:13 Uhr Artikel anh\u00f6ren Diese Audioversion wurde k\u00fcnstlich generiert. Mehr&hellip;\n","protected":false},"author":2,"featured_media":287255,"comment_status":"","ping_status":"","sticky":false,"template":"","format":"standard","meta":{"footnotes":""},"categories":[3],"tags":[106,13,62,14,15,16,505,12,10,8,9,11,103,104],"class_list":{"0":"post-287254","1":"post","2":"type-post","3":"status-publish","4":"format-standard","5":"has-post-thumbnail","7":"category-welt","8":"tag-donald-trump","9":"tag-headlines","10":"tag-medien","11":"tag-nachrichten","12":"tag-news","13":"tag-politik","14":"tag-prozesse","15":"tag-schlagzeilen","16":"tag-top-news","17":"tag-top-meldungen","18":"tag-topmeldungen","19":"tag-topnews","20":"tag-welt","21":"tag-world"},"share_on_mastodon":{"url":"https:\/\/pubeurope.com\/@de\/114901734190270000","error":""},"_links":{"self":[{"href":"https:\/\/www.europesays.com\/de\/wp-json\/wp\/v2\/posts\/287254","targetHints":{"allow":["GET"]}}],"collection":[{"href":"https:\/\/www.europesays.com\/de\/wp-json\/wp\/v2\/posts"}],"about":[{"href":"https:\/\/www.europesays.com\/de\/wp-json\/wp\/v2\/types\/post"}],"author":[{"embeddable":true,"href":"https:\/\/www.europesays.com\/de\/wp-json\/wp\/v2\/users\/2"}],"replies":[{"embeddable":true,"href":"https:\/\/www.europesays.com\/de\/wp-json\/wp\/v2\/comments?post=287254"}],"version-history":[{"count":0,"href":"https:\/\/www.europesays.com\/de\/wp-json\/wp\/v2\/posts\/287254\/revisions"}],"wp:featuredmedia":[{"embeddable":true,"href":"https:\/\/www.europesays.com\/de\/wp-json\/wp\/v2\/media\/287255"}],"wp:attachment":[{"href":"https:\/\/www.europesays.com\/de\/wp-json\/wp\/v2\/media?parent=287254"}],"wp:term":[{"taxonomy":"category","embeddable":true,"href":"https:\/\/www.europesays.com\/de\/wp-json\/wp\/v2\/categories?post=287254"},{"taxonomy":"post_tag","embeddable":true,"href":"https:\/\/www.europesays.com\/de\/wp-json\/wp\/v2\/tags?post=287254"}],"curies":[{"name":"wp","href":"https:\/\/api.w.org\/{rel}","templated":true}]}}