{"id":287711,"date":"2025-07-23T13:17:10","date_gmt":"2025-07-23T13:17:10","guid":{"rendered":"https:\/\/www.europesays.com\/de\/287711\/"},"modified":"2025-07-23T13:17:10","modified_gmt":"2025-07-23T13:17:10","slug":"polizei-mit-spezialkraeften-in-mannheim-im-einsatz-mannheim","status":"publish","type":"post","link":"https:\/\/www.europesays.com\/de\/287711\/","title":{"rendered":"Polizei mit Spezialkr\u00e4ften in Mannheim im Einsatz &#8211; Mannheim"},"content":{"rendered":"<p><b\/>Die Polizei ist  derzeit mit Spezialkr\u00e4ften in  der Kolpingstra\u00dfe in der Mannheimer Oststadt im Einsatz.  Darum ist der betroffene Bereich   aktuell weitr\u00e4umig abgesperrt, wie es aus dem Pr\u00e4sidium hei\u00dft. Hintergrund des Einsatzes sei  ein Ermittlungsverfahren, das die Kriminalinspektion Worms f\u00fchre. Die Polizei bittet die Bev\u00f6lkerung, den Ort zu meiden  und den Anweisungen der Einsatzkr\u00e4fte Folge zu leisten. Die Einsatzma\u00dfnahmen w\u00fcrden  einen eng umgrenzten Personenkreis betreffen, eine Gefahr f\u00fcr Dritte bestehe nicht, so die Polizei. Eine Sprecherin der Wormser Polizei sagte auf Anfrage, dass der Fall keinen politischen motivierten Hintergrund habe. Weitere Angaben zu dem Einsatz machte sie mit Verweis auf das laufende Ermittlungsverfahren nicht. <\/p>\n","protected":false},"excerpt":{"rendered":"Die Polizei ist derzeit mit Spezialkr\u00e4ften in der Kolpingstra\u00dfe in der Mannheimer Oststadt im Einsatz. Darum ist der&hellip;\n","protected":false},"author":2,"featured_media":287712,"comment_status":"","ping_status":"","sticky":false,"template":"","format":"standard","meta":{"footnotes":""},"categories":[1845],"tags":[1634,3364,29,548,663,3934,30,13,4060,2096,14,15,4077,121,12,11878],"class_list":{"0":"post-287711","1":"post","2":"type-post","3":"status-publish","4":"format-standard","5":"has-post-thumbnail","7":"category-mannheim","8":"tag-baden-wuerttemberg","9":"tag-de","10":"tag-deutschland","11":"tag-eu","12":"tag-europa","13":"tag-europe","14":"tag-germany","15":"tag-headlines","16":"tag-lokal","17":"tag-mannheim","18":"tag-nachrichten","19":"tag-news","20":"tag-oststadt","21":"tag-polizei","22":"tag-schlagzeilen","23":"tag-spezialkraft"},"share_on_mastodon":{"url":"https:\/\/pubeurope.com\/@de\/114902744698922892","error":""},"_links":{"self":[{"href":"https:\/\/www.europesays.com\/de\/wp-json\/wp\/v2\/posts\/287711","targetHints":{"allow":["GET"]}}],"collection":[{"href":"https:\/\/www.europesays.com\/de\/wp-json\/wp\/v2\/posts"}],"about":[{"href":"https:\/\/www.europesays.com\/de\/wp-json\/wp\/v2\/types\/post"}],"author":[{"embeddable":true,"href":"https:\/\/www.europesays.com\/de\/wp-json\/wp\/v2\/users\/2"}],"replies":[{"embeddable":true,"href":"https:\/\/www.europesays.com\/de\/wp-json\/wp\/v2\/comments?post=287711"}],"version-history":[{"count":0,"href":"https:\/\/www.europesays.com\/de\/wp-json\/wp\/v2\/posts\/287711\/revisions"}],"wp:featuredmedia":[{"embeddable":true,"href":"https:\/\/www.europesays.com\/de\/wp-json\/wp\/v2\/media\/287712"}],"wp:attachment":[{"href":"https:\/\/www.europesays.com\/de\/wp-json\/wp\/v2\/media?parent=287711"}],"wp:term":[{"taxonomy":"category","embeddable":true,"href":"https:\/\/www.europesays.com\/de\/wp-json\/wp\/v2\/categories?post=287711"},{"taxonomy":"post_tag","embeddable":true,"href":"https:\/\/www.europesays.com\/de\/wp-json\/wp\/v2\/tags?post=287711"}],"curies":[{"name":"wp","href":"https:\/\/api.w.org\/{rel}","templated":true}]}}