{"id":288004,"date":"2025-07-23T15:54:10","date_gmt":"2025-07-23T15:54:10","guid":{"rendered":"https:\/\/www.europesays.com\/de\/288004\/"},"modified":"2025-07-23T15:54:10","modified_gmt":"2025-07-23T15:54:10","slug":"was-sich-kinder-in-willich-wuenschen","status":"publish","type":"post","link":"https:\/\/www.europesays.com\/de\/288004\/","title":{"rendered":"Was sich Kinder in Willich w\u00fcnschen"},"content":{"rendered":"<p class=\"text_ohne_einzug richtext text-em-55 !leading-serif mx-6 desktop:mx-0\"> Was sich Kinder in <a href=\"https:\/\/rp-online.de\/thema\/willich\/\" rel=\"nofollow noopener\" target=\"_blank\">Willich<\/a> w\u00fcnschen, bekam B\u00fcrgermeister Christian Pakusch (CDU) jetzt schriftlich: In der Liste der W\u00fcnsche finden sich unter anderem mehr Treffpunkte oder ein <a href=\"https:\/\/rp-online.de\/thema\/kino\/\" rel=\"nofollow noopener\" target=\"_blank\">Kino<\/a> f\u00fcr Kinder, eine Jugenddisco, ein Spielzeugladen und ein Trampolinpark sowie recht spezielle W\u00fcnsche wie eine \u201eholl\u00e4ndische Pommesbude\u201c.<\/p>\n<p class=\"richtext text-em-55 !leading-serif mx-6 desktop:mx-0\">Auch Interesse und Engagement in Sachen Natur und Sozialem wird deutlich: Unter anderem Parks mit vielen B\u00e4umen, Blumenbeete zum Bepflanzen durch Kinder, \u00f6ffentliche Wasserspender, mehr M\u00fclleimer in Parks und saubere Teiche h\u00e4tten die Kinder gern, aber auch \u201eEinrichtungen f\u00fcr Kinder und Familien, die auf der Stra\u00dfe leben\u201c. Der Hintergrund: 63 ganz konkrete Kinderw\u00fcnsche \u00fcberreichten jetzt Barbara J\u00e4schke und Andreas Ballnus f\u00fcr den Willicher Kinderschutzbund an den Willicher B\u00fcrgermeister. Darauf macht die Stadt Willich in einer Pressemitteilung aufmerksam.<\/p>\n<p class=\"richtext text-em-55 !leading-serif mx-6 desktop:mx-0\">Die Willicher Kindersch\u00fctzer hatten im Juni in Schiefbahn bei der Veranstaltung \u201eMein Fest\u201c unter anderem die Kartenaktion ins Leben gerufen und ganz konkret gefragt: \u201eWas fehlt deiner Meinung nach, damit Willich eine kinder- und jugendfreundliche Stadt wird?&#8220; 63 Kinder und Jugendliche nahmen teil, wurden anschlie\u00dfend mit einem Eis f\u00fcr ihre Bem\u00fchungen belohnt \u2013 und es kamen interessante Ergebnisse dabei heraus, so Barbara J\u00e4schke: \u201eUnsere Kinder und Jugendlichen haben offensichtlich klare Vorstellungen \u2013 und diese Anregungen m\u00f6chten wir gerne gemeinsam mit B\u00fcrgermeister Christian Pakusch aufgreifen.\u201c<\/p>\n<p class=\"richtext text-em-55 !leading-serif mx-6 desktop:mx-0\">\u201eAuch Kinder und Jugendliche haben ein Recht auf Partizipation, aktive Teilnahme an Entscheidungsprozessen, die ihr Leben beeinflussen. Dieser Prozess kann vielf\u00e4ltig sein und geh\u00f6rt auch zum demokratischen Prozess dazu\u201c, so der Kinderschutzbund Willich in seiner Pressemitteilung zu der Aktion. Passend zum Thema nahm B\u00fcrgermeister Christian Pakusch die Karten am \u201ePlatz der Kinderrechte&#8220; am Schloss Neersen in Empfang und sagte dabei zu, diese Infos, Vorstellungen und W\u00fcnsche der Kinder und Jugendlichen nicht nur ernst zu nehmen, sondern \u2013 wo m\u00f6glich \u2013 in die konkrete Planung und Zukunft der Stadt Willich einflie\u00dfen zu lassen: \u201eEs ist f\u00fcr mich immer gut, wie hier durch die Aktion des Kinderschutzbundes aus erster Hand zu erfahren, was anliegt \u2013 Kinder brauchen eine starke Lobby.\u201c<\/p>\n<p class=\"richtext text-em-55 !leading-serif mx-6 desktop:mx-0\">Kinderschutzund und Stadt Willich weisen darauf hin, dass die Kartenaktion fortgesetzt wird: Beim Kinderfest am Sonntag, 21. September, wird der Kinderschutzbund die \u201eMitmachaktion&#8220; wiederholen. Die Kinder werden gespannt sein, ob sich bis dahin vielleicht schon der ein oder andere Wunsch erf\u00fcllt haben wird.<\/p>\n","protected":false},"excerpt":{"rendered":"Was sich Kinder in Willich w\u00fcnschen, bekam B\u00fcrgermeister Christian Pakusch (CDU) jetzt schriftlich: In der Liste der W\u00fcnsche&hellip;\n","protected":false},"author":2,"featured_media":288005,"comment_status":"","ping_status":"","sticky":false,"template":"","format":"standard","meta":{"footnotes":""},"categories":[1849],"tags":[3951,16136,8389,18782,3364,29,548,663,3934,30,13,84876,1722,12353,84875,83178,38454,4455,14,15,1209,39325,12,17289,22955],"class_list":{"0":"post-288004","1":"post","2":"type-post","3":"status-publish","4":"format-standard","5":"has-post-thumbnail","7":"category-moenchengladbach","8":"tag-aktion","9":"tag-barbara","10":"tag-buergermeister","11":"tag-christian","12":"tag-de","13":"tag-deutschland","14":"tag-eu","15":"tag-europa","16":"tag-europe","17":"tag-germany","18":"tag-headlines","19":"tag-jaeschke","20":"tag-jugendliche","21":"tag-karten","22":"tag-kartenaktion","23":"tag-kinderschutzbund","24":"tag-mitmachaktion","25":"tag-moenchengladbach","26":"tag-nachrichten","27":"tag-news","28":"tag-nordrhein-westfalen","29":"tag-pakusch","30":"tag-schlagzeilen","31":"tag-willich","32":"tag-willicher"},"share_on_mastodon":{"url":"https:\/\/pubeurope.com\/@de\/114903361987604217","error":""},"_links":{"self":[{"href":"https:\/\/www.europesays.com\/de\/wp-json\/wp\/v2\/posts\/288004","targetHints":{"allow":["GET"]}}],"collection":[{"href":"https:\/\/www.europesays.com\/de\/wp-json\/wp\/v2\/posts"}],"about":[{"href":"https:\/\/www.europesays.com\/de\/wp-json\/wp\/v2\/types\/post"}],"author":[{"embeddable":true,"href":"https:\/\/www.europesays.com\/de\/wp-json\/wp\/v2\/users\/2"}],"replies":[{"embeddable":true,"href":"https:\/\/www.europesays.com\/de\/wp-json\/wp\/v2\/comments?post=288004"}],"version-history":[{"count":0,"href":"https:\/\/www.europesays.com\/de\/wp-json\/wp\/v2\/posts\/288004\/revisions"}],"wp:featuredmedia":[{"embeddable":true,"href":"https:\/\/www.europesays.com\/de\/wp-json\/wp\/v2\/media\/288005"}],"wp:attachment":[{"href":"https:\/\/www.europesays.com\/de\/wp-json\/wp\/v2\/media?parent=288004"}],"wp:term":[{"taxonomy":"category","embeddable":true,"href":"https:\/\/www.europesays.com\/de\/wp-json\/wp\/v2\/categories?post=288004"},{"taxonomy":"post_tag","embeddable":true,"href":"https:\/\/www.europesays.com\/de\/wp-json\/wp\/v2\/tags?post=288004"}],"curies":[{"name":"wp","href":"https:\/\/api.w.org\/{rel}","templated":true}]}}