{"id":288496,"date":"2025-07-23T20:18:12","date_gmt":"2025-07-23T20:18:12","guid":{"rendered":"https:\/\/www.europesays.com\/de\/288496\/"},"modified":"2025-07-23T20:18:12","modified_gmt":"2025-07-23T20:18:12","slug":"drama-in-niedersachsen-vermisster-junge-13-tot-in-teich-gefunden-news","status":"publish","type":"post","link":"https:\/\/www.europesays.com\/de\/288496\/","title":{"rendered":"Drama in Niedersachsen: Vermisster Junge (13) tot in Teich gefunden | News"},"content":{"rendered":"<p>Diepholz \u2013 <b>Seine Familie hatte den 13-J\u00e4hrigen nur wenige Stunden zuvor vermisst gemeldet. Die Polizei war daraufhin mit F\u00e4hrtensp\u00fcrhunden ausger\u00fcckt. Am Mittwochnachmittag dann die traurige Gewissheit: Der Junge ist tot.<\/b><\/p>\n<p>Laut den Ermittlern wurde der leblose K\u00f6rper des Teenagers gegen 17.30 Uhr im M\u00fchlenteich in Syke (Landkreis Diepholz in <a href=\"https:\/\/www.bild.de\/regional\/niedersachsen\/home-Pxo03tc7w7hEgqy6Clw4\" class=\"text-link\" rel=\"nofollow noopener\" target=\"_blank\">Niedersachsen<\/a>) entdeckt. Schon zu diesem Zeitpunkt seien keine Vitalzeichen mehr feststellbar gewesen.<\/p>\n<p>Lesen Sie auch<\/p>\n<p><b>Die Ermittlungen zur genauen <\/b><a href=\"https:\/\/www.bild.de\/themen\/specials\/tod\/ratgeber-todesfall-trauer-nachrichten-25350234.bild.html\" class=\"text-link\" rel=\"nofollow noopener\" target=\"_blank\"><b>Todesursache<\/b><\/a><b> dauern an, hie\u00df es. Die <\/b><a href=\"https:\/\/www.bild.de\/regional\/aktuelles\/polizei\/polizeieinsatz-alle-infos-76681760.bild.html\" class=\"text-link\" rel=\"nofollow noopener\" target=\"_blank\"><b>Polizei<\/b><\/a><b> schlie\u00dft aber eine Fremdeinwirkung aus. Hei\u00dft: Die Ermittler stufen den Tod des Jungen nicht als Verbrechen ein. Ob es sich um einen tragischen <\/b><a href=\"https:\/\/www.bild.de\/regional\/niedersachsen\/unfall-in-niedersachsen-porsche-kracht-gegen-baum-und-faengt-feuer-67fb49de3ceb7108c48f8ecf\" class=\"text-link\" rel=\"nofollow noopener\" target=\"_blank\"><b>Unfall<\/b><\/a><b> handelt, wird nun gekl\u00e4rt.<\/b><\/p>\n","protected":false},"excerpt":{"rendered":"Diepholz \u2013 Seine Familie hatte den 13-J\u00e4hrigen nur wenige Stunden zuvor vermisst gemeldet. Die Polizei war daraufhin mit&hellip;\n","protected":false},"author":2,"featured_media":288497,"comment_status":"","ping_status":"","sticky":false,"template":"","format":"standard","meta":{"footnotes":""},"categories":[5],"tags":[331,332,1737,3364,1738,29,6900,1736,30,13,14,15,121,12,45,3533,2624,119],"class_list":{"0":"post-288496","1":"post","2":"type-post","3":"status-publish","4":"format-standard","5":"has-post-thumbnail","7":"category-nachrichten","8":"tag-aktuelle-nachrichten","9":"tag-aktuelle-news","10":"tag-breaking-news","11":"tag-de","12":"tag-desk-delta","13":"tag-deutschland","14":"tag-diepholz","15":"tag-fb-instantarticles","16":"tag-germany","17":"tag-headlines","18":"tag-nachrichten","19":"tag-news","20":"tag-polizei","21":"tag-schlagzeilen","22":"tag-texttospeech","23":"tag-todesfall","24":"tag-unfaelle","25":"tag-vermisste-personen"},"share_on_mastodon":{"url":"https:\/\/pubeurope.com\/@de\/114904400116036470","error":""},"_links":{"self":[{"href":"https:\/\/www.europesays.com\/de\/wp-json\/wp\/v2\/posts\/288496","targetHints":{"allow":["GET"]}}],"collection":[{"href":"https:\/\/www.europesays.com\/de\/wp-json\/wp\/v2\/posts"}],"about":[{"href":"https:\/\/www.europesays.com\/de\/wp-json\/wp\/v2\/types\/post"}],"author":[{"embeddable":true,"href":"https:\/\/www.europesays.com\/de\/wp-json\/wp\/v2\/users\/2"}],"replies":[{"embeddable":true,"href":"https:\/\/www.europesays.com\/de\/wp-json\/wp\/v2\/comments?post=288496"}],"version-history":[{"count":0,"href":"https:\/\/www.europesays.com\/de\/wp-json\/wp\/v2\/posts\/288496\/revisions"}],"wp:featuredmedia":[{"embeddable":true,"href":"https:\/\/www.europesays.com\/de\/wp-json\/wp\/v2\/media\/288497"}],"wp:attachment":[{"href":"https:\/\/www.europesays.com\/de\/wp-json\/wp\/v2\/media?parent=288496"}],"wp:term":[{"taxonomy":"category","embeddable":true,"href":"https:\/\/www.europesays.com\/de\/wp-json\/wp\/v2\/categories?post=288496"},{"taxonomy":"post_tag","embeddable":true,"href":"https:\/\/www.europesays.com\/de\/wp-json\/wp\/v2\/tags?post=288496"}],"curies":[{"name":"wp","href":"https:\/\/api.w.org\/{rel}","templated":true}]}}