{"id":288572,"date":"2025-07-23T21:01:12","date_gmt":"2025-07-23T21:01:12","guid":{"rendered":"https:\/\/www.europesays.com\/de\/288572\/"},"modified":"2025-07-23T21:01:12","modified_gmt":"2025-07-23T21:01:12","slug":"im-neuen-film-des-challengers-macher-the-studio-star-soll-elon-musk-spielen-kino-news","status":"publish","type":"post","link":"https:\/\/www.europesays.com\/de\/288572\/","title":{"rendered":"Im neuen Film des &#8222;Challengers&#8220;-Macher: &#8222;The Studio&#8220;-Star soll Elon Musk spielen! &#8211; Kino News"},"content":{"rendered":"<p>Aktuell arbeitet \u201eChallengers\u201c- und \u201eCall Me By Your Name\u201c-Macher Luca Guadagnino an seinem n\u00e4chsten Film \u201eArtifical\u201c. Hier wird auch Elon Musk eine Rolle spielen \u2013 und wie es scheint, steht nun fest, wer den Part \u00fcbernehmen soll.<\/p>\n<p>    <img loading=\"lazy\" decoding=\"async\" class=\"article-figure-img\" width=\"654\" height=\"368\" src=\"https:\/\/www.europesays.com\/de\/wp-content\/uploads\/2025\/07\/27d008b35275cf452b556b89a885ff98.jpg\"\/><\/p>\n<p>        AppleTV+<\/p>\n<p class=\"bo-p\"><a href=\"https:\/\/www.filmstarts.de\/personen\/149485.html\" class=\"bo-link\" rel=\"nofollow noopener\" target=\"_blank\">Luca Guadagnino<\/a> z\u00e4hlt sp\u00e4testens seit seinem internationalen Durchbruch mit \u201eCall Me By Your Name\u201c zu den spannendsten und vielseitigsten Filmemachern der Gegenwart. Umso erfreulicher, dass den italienischen Regisseur ein bemerkenswerter Arbeitseifer antreibt \u2013 mit erstaunlicher Regelm\u00e4\u00dfigkeit bringt er neue Werke auf die Leinwand. Nach \u201eChallengers\u201c, \u201eQueer\u201c und dem am 16. Oktober 2025 in Deutschland startenden \u201eAfter The Hunt\u201c arbeitet Guadagnino bereits an seinem n\u00e4chsten Projekt.<\/p>\n<p class=\"bo-p\"><b>Dabei handelt es sich um den Film \u201e<\/b><a href=\"https:\/\/www.filmstarts.de\/kritiken\/1000025577.html\" class=\"bo-link\" rel=\"nofollow noopener\" target=\"_blank\"><b>Artifical<\/b><\/a><b>\u201c, der einen satirischen Blick hinter die Kulissen eines der einflussreichsten Technologieunternehmen unserer Zeit werfen will: OpenAI.<\/b> Urspr\u00fcnglich als gemeinn\u00fctzige Initiative gegr\u00fcndet, mit dem Ziel, K\u00fcnstliche Intelligenz im Sinne des Gemeinwohls zu entwickeln, r\u00fcckte OpenAI angesichts rasanter technischer Fortschritte schnell ins Zentrum der globalen Aufmerksamkeit.<\/p>\n<p class=\"bo-p\">Im Mittelpunkt der Handlung steht CEO Sam Altman, der im Film von <a href=\"https:\/\/www.filmstarts.de\/personen\/179331.html\" class=\"bo-link\" rel=\"nofollow noopener\" target=\"_blank\">Andrew Garfield<\/a> verk\u00f6rpert wird und wohl im Mittelpunkt der Handlung steht. Altman wurde \u00fcber Nacht zu einer der pr\u00e4genden Figuren des Silicon Valley \u2013 nur um im November 2023 \u00fcberraschend vom eigenen Vorstand entlassen zu werden. Doch nach einem internen Aufschrei und massivem Druck seitens der Belegschaft kehrte er nur f\u00fcnf Tage sp\u00e4ter triumphal in seine Position zur\u00fcck.<\/p>\n<p>Ike Barinholtz wird zu Elon Musk<\/p>\n<p class=\"bo-p\">Auch Elon Musk spielt in \u201eArtifical\u201c eine zentrale Rolle. Musk geh\u00f6rte zu den fr\u00fchen Investoren von OpenAI, entwickelte sich sp\u00e4ter jedoch zum erbitterten Rivalen. W\u00e4hrend er sich mehr auf die Entwicklung selbstfahrender Teslas konzentrierte, schien ihn die drohende Gefahr einer au\u00dfer Kontrolle geratenen KI weniger zu beunruhigen. <b>Laut dem Hollywood-Insider Jeff Sneider wird Musk im Film als eine Art \u00fcberzeichneter Antagonist dargestellt \u2013 eine Figur, \u00fcber die sich das Publikum durchaus am\u00fcsieren darf.<\/b> Das Drehbuch Simon Rich k\u00f6nnte von Luca Guadagnino selbst aber noch \u00fcberarbeitet werden.<\/p>\n<p>                                <img loading=\"lazy\" decoding=\"async\" class=\"article-figure-img\" ike=\"\" barinholtz=\"\" in=\"\" studio=\"\" src=\"https:\/\/www.europesays.com\/de\/wp-content\/uploads\/2025\/07\/49d714e782831b2b50526490ac31f3d2.jpg\" width=\"640\" height=\"320\" alt=\"Ike Barinholtz in \" the=\"\"\/><\/p>\n<p>                                    AppleTV+<\/p>\n<p>                    Ike Barinholtz in &#8222;The Studio&#8220;.<\/p>\n<p class=\"bo-p\">Nun scheint auch der passende Darsteller f\u00fcr die Rolle des Elon Musk gefunden: <a href=\"https:\/\/www.filmstarts.de\/personen\/211493.html\" class=\"bo-link\" rel=\"nofollow noopener\" target=\"_blank\">Ike Barinholtz<\/a>. Dieser befindet sich wohl in finalen Gespr\u00e4chen. Der vor allem f\u00fcr seine kom\u00f6diantischen Rollen bekannte Schauspieler ist unter anderem aus Filmen wie \u201eBad Neighbors\u201c, \u201eSisters\u201c und \u201eDer Sex Pakt\u201c bekannt. Zuletzt \u00fcberzeugte er in der vielbeachteten Apple-Serie \u201eThe Studio\u201c, f\u00fcr seine Darstellung des Sal Saperstein wurde er sogar f\u00fcr einen Emmy nominiert.<\/p>\n<p class=\"bo-p\">Neben Andrew Garfield sind auch <a href=\"https:\/\/www.filmstarts.de\/personen\/765229.html\" class=\"bo-link\" rel=\"nofollow noopener\" target=\"_blank\">Monica Barbaro<\/a> (\u201eA Complete Unknown\u201c) als Chief Technology Officer Mira Murati sowie <a href=\"https:\/\/www.filmstarts.de\/personen\/692438.html\" class=\"bo-link\" rel=\"nofollow noopener\" target=\"_blank\">Yura Borisov <\/a>(\u201eAnora\u201c) als OpenAI-Mitgr\u00fcnder Ilya Sutskever mit von der Partie \u2013 jener Mann, der ma\u00dfgeblich an der vor\u00fcbergehenden Absetzung von Sam Altman beteiligt war.<\/p>\n<p class=\"bo-p\">K\u00fcrzlich ist der erste Trailer zu Luca Gudagninos \u201eAfter The Hunt\u201c erschienen. Diesen k\u00f6nnt ihr euch nachfolgend anschauen:<\/p>\n","protected":false},"excerpt":{"rendered":"Aktuell arbeitet \u201eChallengers\u201c- und \u201eCall Me By Your Name\u201c-Macher Luca Guadagnino an seinem n\u00e4chsten Film \u201eArtifical\u201c. Hier wird&hellip;\n","protected":false},"author":2,"featured_media":288573,"comment_status":"","ping_status":"","sticky":false,"template":"","format":"standard","meta":{"footnotes":""},"categories":[1771],"tags":[1778,29,214,30,95,1777,215],"class_list":{"0":"post-288572","1":"post","2":"type-post","3":"status-publish","4":"format-standard","5":"has-post-thumbnail","7":"category-kino","8":"tag-cinema","9":"tag-deutschland","10":"tag-entertainment","11":"tag-germany","12":"tag-kino","13":"tag-movie","14":"tag-unterhaltung"},"share_on_mastodon":{"url":"https:\/\/pubeurope.com\/@de\/114904569420880496","error":""},"_links":{"self":[{"href":"https:\/\/www.europesays.com\/de\/wp-json\/wp\/v2\/posts\/288572","targetHints":{"allow":["GET"]}}],"collection":[{"href":"https:\/\/www.europesays.com\/de\/wp-json\/wp\/v2\/posts"}],"about":[{"href":"https:\/\/www.europesays.com\/de\/wp-json\/wp\/v2\/types\/post"}],"author":[{"embeddable":true,"href":"https:\/\/www.europesays.com\/de\/wp-json\/wp\/v2\/users\/2"}],"replies":[{"embeddable":true,"href":"https:\/\/www.europesays.com\/de\/wp-json\/wp\/v2\/comments?post=288572"}],"version-history":[{"count":0,"href":"https:\/\/www.europesays.com\/de\/wp-json\/wp\/v2\/posts\/288572\/revisions"}],"wp:featuredmedia":[{"embeddable":true,"href":"https:\/\/www.europesays.com\/de\/wp-json\/wp\/v2\/media\/288573"}],"wp:attachment":[{"href":"https:\/\/www.europesays.com\/de\/wp-json\/wp\/v2\/media?parent=288572"}],"wp:term":[{"taxonomy":"category","embeddable":true,"href":"https:\/\/www.europesays.com\/de\/wp-json\/wp\/v2\/categories?post=288572"},{"taxonomy":"post_tag","embeddable":true,"href":"https:\/\/www.europesays.com\/de\/wp-json\/wp\/v2\/tags?post=288572"}],"curies":[{"name":"wp","href":"https:\/\/api.w.org\/{rel}","templated":true}]}}