{"id":288821,"date":"2025-07-23T23:17:16","date_gmt":"2025-07-23T23:17:16","guid":{"rendered":"https:\/\/www.europesays.com\/de\/288821\/"},"modified":"2025-07-23T23:17:16","modified_gmt":"2025-07-23T23:17:16","slug":"stadt-laedt-zur-buergerbeteiligung-%c2%b7-leipziger-zeitung","status":"publish","type":"post","link":"https:\/\/www.europesays.com\/de\/288821\/","title":{"rendered":"Stadt l\u00e4dt zur B\u00fcrgerbeteiligung \u00b7 Leipziger Zeitung"},"content":{"rendered":"<p>Mit dem fortschreitenden Klimawandel werden Wetterextreme wie Hitze, D\u00fcrre oder Starkregen in Zukunft immer h\u00e4ufiger auftreten. Deshalb erarbeitet die Stadt Leipzig derzeit ein Klimaanpassungsprogramm. Im Rahmen des Leipziger Forum Klimaanpassung am 18. August von 16 bis 19 Uhr im Neuen Rathaus haben B\u00fcrgerinnen und B\u00fcrger die M\u00f6glichkeit, sich aktiv an der Erarbeitung zu beteiligen.<\/p>\n<p>Neben einer thematischen Einf\u00fchrung werden erste Ergebnisse des Programms vorgestellt. Ebenso bietet die Veranstaltung Raum f\u00fcr Fragen sowie den gemeinsamen Austausch. F\u00fcr Kinder und Jugendliche im Alter von 11 bis 15 Jahren ist ein eigener Workshop geplant. F\u00fcr j\u00fcngere Kinder wird vor Ort eine Betreuung angeboten. Die Anmeldung erfolgt \u00fcber ein zentrales Formular und ist bis zum 13. August m\u00f6glich. Weitere Informationen gibt es auf der Seite www.leipzig.de\/klimaanpassung.<\/p>\n<p>Das Klimaanpassungsprogramm soll die Auswirkungen des Klimawandels f\u00fcr Leipzig aufzeigen und Ma\u00dfnahmen identifizieren, die bei der Anpassung helfen k\u00f6nnen. Das Projekt wird federf\u00fchrend vom Amt f\u00fcr Umweltschutz zusammen mit dem Amt f\u00fcr Stadtgr\u00fcn und Gew\u00e4sser erarbeitet und durch das Bundesministerium f\u00fcr Umwelt, Klimaschutz, Naturschutz und nukleare Sicherheit gef\u00f6rdert. <\/p>\n<p>Umweltb\u00fcrgermeister Heiko Rosenthal: \u201eDamit Leipzig lebenswert bleibt, m\u00fcssen die Folgen des Klimawandels weiter abgeschw\u00e4cht werden. Zus\u00e4tzlich ist es notwendig, dass wir uns an unvermeidbare Konsequenzen f\u00fcr das Stadtklima anpassen. Hierzu laden wir die Stadtgesellschaft ein, ihre vielf\u00e4ltigen Perspektiven f\u00fcr die Klimaanpassung Leipzigs einzubringen. Denn der Klimawandel betrifft uns alle.\u201c<\/p>\n","protected":false},"excerpt":{"rendered":"Mit dem fortschreitenden Klimawandel werden Wetterextreme wie Hitze, D\u00fcrre oder Starkregen in Zukunft immer h\u00e4ufiger auftreten. Deshalb erarbeitet&hellip;\n","protected":false},"author":2,"featured_media":288822,"comment_status":"","ping_status":"","sticky":false,"template":"","format":"standard","meta":{"footnotes":""},"categories":[1832],"tags":[13494,3364,29,30,952,71,859],"class_list":{"0":"post-288821","1":"post","2":"type-post","3":"status-publish","4":"format-standard","5":"has-post-thumbnail","7":"category-leipzig","8":"tag-buergerbeteiligung","9":"tag-de","10":"tag-deutschland","11":"tag-germany","12":"tag-klimawandel","13":"tag-leipzig","14":"tag-sachsen"},"share_on_mastodon":{"url":"https:\/\/pubeurope.com\/@de\/114905103898949122","error":""},"_links":{"self":[{"href":"https:\/\/www.europesays.com\/de\/wp-json\/wp\/v2\/posts\/288821","targetHints":{"allow":["GET"]}}],"collection":[{"href":"https:\/\/www.europesays.com\/de\/wp-json\/wp\/v2\/posts"}],"about":[{"href":"https:\/\/www.europesays.com\/de\/wp-json\/wp\/v2\/types\/post"}],"author":[{"embeddable":true,"href":"https:\/\/www.europesays.com\/de\/wp-json\/wp\/v2\/users\/2"}],"replies":[{"embeddable":true,"href":"https:\/\/www.europesays.com\/de\/wp-json\/wp\/v2\/comments?post=288821"}],"version-history":[{"count":0,"href":"https:\/\/www.europesays.com\/de\/wp-json\/wp\/v2\/posts\/288821\/revisions"}],"wp:featuredmedia":[{"embeddable":true,"href":"https:\/\/www.europesays.com\/de\/wp-json\/wp\/v2\/media\/288822"}],"wp:attachment":[{"href":"https:\/\/www.europesays.com\/de\/wp-json\/wp\/v2\/media?parent=288821"}],"wp:term":[{"taxonomy":"category","embeddable":true,"href":"https:\/\/www.europesays.com\/de\/wp-json\/wp\/v2\/categories?post=288821"},{"taxonomy":"post_tag","embeddable":true,"href":"https:\/\/www.europesays.com\/de\/wp-json\/wp\/v2\/tags?post=288821"}],"curies":[{"name":"wp","href":"https:\/\/api.w.org\/{rel}","templated":true}]}}