{"id":288851,"date":"2025-07-23T23:34:11","date_gmt":"2025-07-23T23:34:11","guid":{"rendered":"https:\/\/www.europesays.com\/de\/288851\/"},"modified":"2025-07-23T23:34:11","modified_gmt":"2025-07-23T23:34:11","slug":"das-sind-die-neuen-elterngebuehren-an-berlins-privatschulen","status":"publish","type":"post","link":"https:\/\/www.europesays.com\/de\/288851\/","title":{"rendered":"Das sind die neuen Elterngeb\u00fchren an Berlins Privatschulen"},"content":{"rendered":"<p>    F\u00fcr arme Kinder zahlt das Land: Das sind die neuen Elterngeb\u00fchren an Berlins Privatschulen<\/p>\n<p>    <a href=\"#main-content\" class=\"tspKbi\">zum Hauptinhalt<\/a>Sie befinden sich hier:<\/p>\n<ol property=\"breadcrumb\" typeof=\"BreadcrumbList\" class=\"tspAEf7\">\n<li property=\"itemListElement\" typeof=\"ListItem\" class=\"tspAEf8\"><a property=\"item\" typeof=\"WebPage\" href=\"https:\/\/www.tagesspiegel.de\" class=\"tspAEf9\" rel=\"nofollow noopener\" target=\"_blank\">Startseite<\/a><\/li>\n<li property=\"itemListElement\" typeof=\"ListItem\" class=\"tspAEf8\"><a href=\"https:\/\/www.tagesspiegel.de\/berlin\/\" property=\"item\" typeof=\"WebPage\" class=\"tspAEf9 tspAEga\" rel=\"nofollow noopener\" target=\"_blank\">Berlin<\/a><\/li>\n<li property=\"itemListElement\" typeof=\"ListItem\" aria-current=\"page\" class=\"tspAEf8\"><strong property=\"item\" typeof=\"WebPage\" class=\"tspAEf9\">F\u00fcr arme Kinder zahlt das Land: Das sind die neuen Elterngeb\u00fchren an Berlins Privatschulen<\/strong><\/li>\n<\/ol>\n<p><img decoding=\"async\" src=\"https:\/\/www.europesays.com\/de\/wp-content\/uploads\/2025\/07\/2988ci29.jpeg\" alt=\"Freie Schulen erhalten in den ersten f\u00fcnf Jahren keine F\u00f6rderung.\" width=\"1000\" height=\"428\" loading=\"lazy\" class=\"tspBFkf\"\/><\/p>\n<p class=\"tspAVis tspAVit\"> \u00a9 Doris Spiekermann-Klaas TSP <\/p>\n<p class=\"tspBGkg tspEy\">Strittige Punkte im Gesetzentwurf sind geeint: Ab August 2027 werden auch nicht\u00f6ffentliche Schulen f\u00fcr Familien mit geringen Einkommen finanzierbar. Das Land zahlt den Ausgleich.<\/p>\n<p class=\"tspAZiz\"> Stand: 23.07.2025, 19:17\u00a0Uhr<\/p>\n<dl class=\"tspEaq debug-piano\">\n<p><dt>showPaywall:<\/dt>\n<dd>true<\/dd>\n<\/p>\n<p><dt>isSubscriber:<\/dt>\n<dd>false<\/dd>\n<\/p>\n<p><dt>isPaid:<\/dt>\n<dd>true<\/dd>\n<\/p>\n<\/dl>\n<p id=\"message-target-blank\" hidden=\"hidden\">\u00f6ffnet in neuem Tab oder Fenster<\/p>\n<p>\n\t\t\tconsole.debug({ userId: &#8222;&#8220;, verifiedBot: &#8222;false&#8220;, botCategory: &#8222;&#8220; })\n\t\t<\/p>\n","protected":false},"excerpt":{"rendered":"F\u00fcr arme Kinder zahlt das Land: Das sind die neuen Elterngeb\u00fchren an Berlins Privatschulen zum HauptinhaltSie befinden sich&hellip;\n","protected":false},"author":2,"featured_media":288852,"comment_status":"","ping_status":"","sticky":false,"template":"","format":"standard","meta":{"footnotes":""},"categories":[1825],"tags":[296,31,29,30,184],"class_list":{"0":"post-288851","1":"post","2":"type-post","3":"status-publish","4":"format-standard","5":"has-post-thumbnail","7":"category-berlin","8":"tag-berlin","9":"tag-cdu","10":"tag-deutschland","11":"tag-germany","12":"tag-spd"},"share_on_mastodon":{"url":"https:\/\/pubeurope.com\/@de\/114905170784546649","error":""},"_links":{"self":[{"href":"https:\/\/www.europesays.com\/de\/wp-json\/wp\/v2\/posts\/288851","targetHints":{"allow":["GET"]}}],"collection":[{"href":"https:\/\/www.europesays.com\/de\/wp-json\/wp\/v2\/posts"}],"about":[{"href":"https:\/\/www.europesays.com\/de\/wp-json\/wp\/v2\/types\/post"}],"author":[{"embeddable":true,"href":"https:\/\/www.europesays.com\/de\/wp-json\/wp\/v2\/users\/2"}],"replies":[{"embeddable":true,"href":"https:\/\/www.europesays.com\/de\/wp-json\/wp\/v2\/comments?post=288851"}],"version-history":[{"count":0,"href":"https:\/\/www.europesays.com\/de\/wp-json\/wp\/v2\/posts\/288851\/revisions"}],"wp:featuredmedia":[{"embeddable":true,"href":"https:\/\/www.europesays.com\/de\/wp-json\/wp\/v2\/media\/288852"}],"wp:attachment":[{"href":"https:\/\/www.europesays.com\/de\/wp-json\/wp\/v2\/media?parent=288851"}],"wp:term":[{"taxonomy":"category","embeddable":true,"href":"https:\/\/www.europesays.com\/de\/wp-json\/wp\/v2\/categories?post=288851"},{"taxonomy":"post_tag","embeddable":true,"href":"https:\/\/www.europesays.com\/de\/wp-json\/wp\/v2\/tags?post=288851"}],"curies":[{"name":"wp","href":"https:\/\/api.w.org\/{rel}","templated":true}]}}