{"id":288894,"date":"2025-07-23T23:56:17","date_gmt":"2025-07-23T23:56:17","guid":{"rendered":"https:\/\/www.europesays.com\/de\/288894\/"},"modified":"2025-07-23T23:56:17","modified_gmt":"2025-07-23T23:56:17","slug":"braunschweigs-saisoneroeffnung-hansa-rostock-springt-als-gegner-ein","status":"publish","type":"post","link":"https:\/\/www.europesays.com\/de\/288894\/","title":{"rendered":"Braunschweigs Saisoner\u00f6ffnung: Hansa Rostock springt als Gegner ein"},"content":{"rendered":"<p>        <img decoding=\"async\" src=\"https:\/\/www.europesays.com\/de\/wp-content\/uploads\/2025\/07\/fussball3810.webp\" alt=\"Hansa Rostocks Damian Ro\u00dfbach (l.) im Zweikampf mit Johan Gomez von Eintracht Braunschweig\" title=\"Hansa Rostocks Damian Ro\u00dfbach (l.) im Zweikampf mit Johan Gomez von Eintracht Braunschweig | IMAGO\/Fotostand, Voelker\" class=\"responsive\"\/><\/p>\n<p>\n            Stand: 23.07.2025 15:17 Uhr<\/p>\n<p class=\"preface\">Das geplante Testspiel beim Saisoner\u00f6ffnungsfest von Eintracht Braunschweig am Sonnabend hat der niederl\u00e4ndische Erstligist FC Twente Enschede kurzfristig abgesagt. Doch der Fu\u00dfball-Zweitligist aus Niedersachsen hat Ersatz im FC Hansa Rostock gefunden.<\/p>\n<p class=\"\">\nDer Fu\u00dfball-Drittligist aus Mecklenburg wird am Sonnabend zum Testspiel im Eintracht-Stadion antreten. Anpfiff ist um 14 Uhr. Verbunden ist die Saisoner\u00f6ffnung mit einem Kinder- und Familienfest, das bereits um 12 Uhr beginnt.<\/p>\n<p>    Polizei erlaubte keine Enschede-Fans<\/p>\n<p class=\"\">\nAuch deswegen wog die Absage von Twente Enschede vor ein paar Tagen schwer f\u00fcr die Eintracht. Der niederl\u00e4ndische Erstligist hatte seine Zusage zur\u00fcckgezogen, nachdem die Polizei die Auflage erteilt hatte, dass keine G\u00e4ste-Fans ins Stadion d\u00fcrfen. Enschede will stattdessen am Wochenende beim FC Porto in Portugal antreten.<\/p>\n<p>    Tickets behalten ihre G\u00fcltigkeit<\/p>\n<p class=\"\">\nDie Braunschweiger d\u00fcrfen sich nun auf den FC Hansa als Gast f\u00fcr die Generalprobe vor dem Saisonstart freuen, der erfahrungsgem\u00e4\u00df ordentlich Fans mitbringt. Den zuvor ausgesetzten Kartenverkauf haben die &#8222;L\u00f6wen&#8220; wieder aufgenommen. Bereits erworbene Tickets behalten ihre G\u00fcltigkeit, <a href=\"https:\/\/www.eintracht.com\/news\/artikel\/neuer-gegner-gefunden-loewen-feiern-saisoneroeffnung-gegen-hansa-rostock\" title=\"Braunschweig Hansa\" class=\"js-link-dialog\" data-type=\"external\" target=\"_blank\" rel=\"noopener\">k\u00f6nnen aber auch zur\u00fcckgegeben werden<\/a>.<\/p>\n<p class=\"\">\nDas erste <a href=\"https:\/\/www.ndr.de\/sport\/ergebnisse\/Alle-Ergebnisse-2-Bundesliga-Fussball-2025-2026,fussballmaenner2514.html\" title=\"Ergebnisse und Tabelle 2. Fu\u00dfball-Bundesliga\" target=\"_blank\" rel=\"noopener\">Zweitligaspiel<\/a> bestreiten die Braunschweiger am 3. August (13.30 Uhr, im <a href=\"https:\/\/www.ndr.de\/sport\/live\" title=\"Livecenter: Fu\u00dfball live erleben\" target=\"_blank\" rel=\"noopener\">NDR Livecenter<\/a>) beim 1. FC Magdeburg. Zeitgleich startet Hansa Rostock, das am Freitag auch noch gegen Hannover 96 testet, mit dem Ausw\u00e4rtsspiel bei Erzgebirge Aue in die <a href=\"https:\/\/www.ndr.de\/sport\/ergebnisse\/Alle-Ergebnisse-3-Liga-Fussball-2025-2026,fussballmaenner2522.html\" title=\"Alle Ergebnisse Fu\u00dfball 3. Liga 2025\/2026\" target=\"_blank\" rel=\"noopener\">neue Drittliga-Saison<\/a>.<\/p>\n<p>        <img decoding=\"async\" src=\"https:\/\/www.europesays.com\/de\/wp-content\/uploads\/2025\/07\/hansa-114.webp\" alt=\"Kenan Fatkic (Hansa Rostock) jubelt mit Milosz Brzozowski (Hansa Rostock) im Spiel gegen Aston Villa\" title=\"Kenan Fatkic (Hansa Rostock) jubelt mit Milosz Brzozowski (Hansa Rostock) im Spiel gegen Aston Villa | picture alliance \/ Fotostand | Fotostand \/ Voelker\" class=\"responsive\" loading=\"lazy\"\/><\/p>\n<p>Neuzugang David Hummel traf doppelt f\u00fcr den Fu\u00dfball-Drittligisten, der gegen den Champions-League-Teilnehmer der vergangenen Saison ein kleines Ausrufezeichen setzte.<\/p>\n<p>        <img decoding=\"async\" src=\"https:\/\/www.europesays.com\/de\/wp-content\/uploads\/2025\/07\/hansa-118.webp\" alt=\"Axel Schulz (l.), der fr\u00fcher Spieler und Pressesprecher bei Hansa Rostock, bekommt von Juri Schl\u00fcnz ein Geschenk \u00fcberreicht.\" title=\"Axel Schulz (l.), der fr\u00fcher Spieler und Pressesprecher bei Hansa Rostock, bekommt von Juri Schl\u00fcnz ein Geschenk \u00fcberreicht. | IMAGO \/ Andy B\u00fcnning\" class=\"responsive\" loading=\"lazy\"\/><\/p>\n<p>Mit 66 Jahren geht das Club-Urgestein in den Ruhestand und erinnert sich an die &#8222;sch\u00f6nsten&#8220; Hansa-Jahre, Kumpel Juri Schl\u00fcnz und einen riesigen Lotto-Gewinn.<\/p>\n<p>Dieses Thema im Programm:<\/p>\n<p>                Nordmagazin | 26.07.2025 | 19:30 Uhr<\/p>\n","protected":false},"excerpt":{"rendered":"Stand: 23.07.2025 15:17 Uhr Das geplante Testspiel beim Saisoner\u00f6ffnungsfest von Eintracht Braunschweig am Sonnabend hat der niederl\u00e4ndische Erstligist&hellip;\n","protected":false},"author":2,"featured_media":288895,"comment_status":"","ping_status":"","sticky":false,"template":"","format":"standard","meta":{"footnotes":""},"categories":[1850],"tags":[621,6429,3364,29,8704,548,663,3934,347,30,4158,13,14,15,1552,1411,583,12],"class_list":{"0":"post-288894","1":"post","2":"type-post","3":"status-publish","4":"format-standard","5":"has-post-thumbnail","7":"category-braunschweig","8":"tag-2-bundesliga","9":"tag-braunschweig","10":"tag-de","11":"tag-deutschland","12":"tag-eintracht-braunschweig","13":"tag-eu","14":"tag-europa","15":"tag-europe","16":"tag-fussball","17":"tag-germany","18":"tag-hansa-rostock","19":"tag-headlines","20":"tag-nachrichten","21":"tag-news","22":"tag-newsticker","23":"tag-niedersachsen","24":"tag-rostock","25":"tag-schlagzeilen"},"share_on_mastodon":{"url":"https:\/\/pubeurope.com\/@de\/114905257737817711","error":""},"_links":{"self":[{"href":"https:\/\/www.europesays.com\/de\/wp-json\/wp\/v2\/posts\/288894","targetHints":{"allow":["GET"]}}],"collection":[{"href":"https:\/\/www.europesays.com\/de\/wp-json\/wp\/v2\/posts"}],"about":[{"href":"https:\/\/www.europesays.com\/de\/wp-json\/wp\/v2\/types\/post"}],"author":[{"embeddable":true,"href":"https:\/\/www.europesays.com\/de\/wp-json\/wp\/v2\/users\/2"}],"replies":[{"embeddable":true,"href":"https:\/\/www.europesays.com\/de\/wp-json\/wp\/v2\/comments?post=288894"}],"version-history":[{"count":0,"href":"https:\/\/www.europesays.com\/de\/wp-json\/wp\/v2\/posts\/288894\/revisions"}],"wp:featuredmedia":[{"embeddable":true,"href":"https:\/\/www.europesays.com\/de\/wp-json\/wp\/v2\/media\/288895"}],"wp:attachment":[{"href":"https:\/\/www.europesays.com\/de\/wp-json\/wp\/v2\/media?parent=288894"}],"wp:term":[{"taxonomy":"category","embeddable":true,"href":"https:\/\/www.europesays.com\/de\/wp-json\/wp\/v2\/categories?post=288894"},{"taxonomy":"post_tag","embeddable":true,"href":"https:\/\/www.europesays.com\/de\/wp-json\/wp\/v2\/tags?post=288894"}],"curies":[{"name":"wp","href":"https:\/\/api.w.org\/{rel}","templated":true}]}}