{"id":289224,"date":"2025-07-24T03:02:10","date_gmt":"2025-07-24T03:02:10","guid":{"rendered":"https:\/\/www.europesays.com\/de\/289224\/"},"modified":"2025-07-24T03:02:10","modified_gmt":"2025-07-24T03:02:10","slug":"warum-das-wetter-so-verrueckt-spielt","status":"publish","type":"post","link":"https:\/\/www.europesays.com\/de\/289224\/","title":{"rendered":"Warum das Wetter so verr\u00fcckt spielt"},"content":{"rendered":"<ol class=\"id-DonaldBreadcrumb lp_west_breadcrumb id-DonaldBreadcrumb--default\" data-k5a-pos=\"west_breadcrumb\">\n<li class=\"id-Breadcrumb-item\"><a href=\"https:\/\/www.wa.de\/\" class=\"id-Breadcrumb-link\" data-id-ec=\"{\" shn=\"\" textlink=\"\" data-k5a-pos=\"1_waDe\" rel=\"nofollow noopener\" target=\"_blank\">wa.de<\/a><\/li>\n<li class=\"id-Breadcrumb-item\"><a href=\"https:\/\/www.wa.de\/deutschland\/\" class=\"id-Breadcrumb-link\" data-id-ec=\"{\" shn=\"\" textlink=\"\" data-k5a-pos=\"2_deutschland\" rel=\"nofollow noopener\" target=\"_blank\">Deutschland<\/a><\/li>\n<\/ol>\n<p class=\"id-Story-timestamp id-Story-timestamp--default\">Stand: 24.07.2025, 04:47 Uhr<\/p>\n<p class=\"id-Story-authors id-Story-authors--default\">Von: <a class=\"id-Story-authors-link lp_west_author\" href=\"https:\/\/www.wa.de\/autor\/dominik-jung-96mauk2h.html\" title=\"Zur Autorenseite von Dominik Jung\" data-id-ec=\"{\" shn=\"\" author-link=\"\" jung=\"\" data-k5a-pos=\"west_author\" rel=\"nofollow noopener\" target=\"_blank\">Dominik Jung<\/a><\/p>\n<p class=\"id-Story-interactionBar id-Story-interactionBar--default\">DruckenTeilen<\/p>\n<p class=\"id-StoryElement-leadText\">W\u00e4hrend in Skandinavien und S\u00fcdeuropa die Sonne brennt, drohen in Deutschland Unwetter. Der Sommer macht Urlaub \u2013 nur nicht bei uns. Eine Wetter-Kolumne von Dominik Jung. <\/p>\n<p class=\"id-StoryElement-paragraph\">Hamm \u2013 Wer dieser Tage nach Sommer sucht, findet ihn nicht in Deutschland \u2013 sondern im hohen Norden. In Skandinavien herrschen Temperaturen, wie man sie sonst von Mallorca kennt: 27 bis 32 Grad und dazu trockenes, sonniges Wetter. Selbst n\u00f6rdlich des Polarkreises werden sommerliche Spitzenwerte gemessen. Hochdruckeinfluss sorgt in <a href=\"https:\/\/www.wa.de\/deutschland\/versinkt-wetter-absurditaet-norwegen-heisser-als-mallorca-waehrend-deutschland-im-sommerloch-zr-93840727.html\" class=\"id-import-Link\" data-id-ec=\"{&quot;sht&quot;:&quot;Container&quot;,&quot;shn&quot;:&quot;Story&quot;,&quot;p&quot;:{&quot;containerType&quot;:&quot;Paragraph&quot;,&quot;displayType&quot;:&quot;Paragraph InlineLink&quot;,&quot;type&quot;:&quot;INLINE_LINK&quot;,&quot;value&quot;:&quot;Norwegen, Schweden und Finnland f&#xFC;r stabiles, warmes und vor allem trockenes Wetter&quot;,&quot;variant&quot;:&quot;standardLink&quot;,&quot;sponsored&quot;:false,&quot;linkHref&quot;:&quot;https:\/\/www.wa.de\/deutschland\/versinkt-wetter-absurditaet-norwegen-heisser-als-mallorca-waehrend-deutschland-im-sommerloch-zr-93840727.html&quot;,&quot;storyElementPosition&quot;:8,&quot;storyElementCount&quot;:16}}\" rel=\"nofollow noopener\" target=\"_blank\">Norwegen, Schweden und Finnland f\u00fcr stabiles, warmes und vor allem trockenes Wetter<\/a>. Eine Wetterlage, die so stabil ist, dass sie dem Norden Europas fast durchgehend seit Wochen Sonne beschert. F\u00fcr diese Regionen ungew\u00f6hnlich \u2013 und ein weiterer Hinweis darauf, wie weit abseits gewohnter Muster das europ\u00e4ische Wetter derzeit agiert.<\/p>\n<p><img decoding=\"async\" class=\"id-RatioPlaceholder-element wv_story_el_image\" src=\"https:\/\/www.europesays.com\/de\/wp-content\/uploads\/2025\/07\/39028326-die-wetterkarte-zeigt-die-hoechstwerte-am-dienstag-22-juli-in-suedosteuropa-2ZyrGRQ5MKBG.jp.jpeg\" loading=\"lazy\"   height=\"619\" width=\"1100\" alt=\"Die Wetterkarte zeigt die H&#xF6;chstwerte am Dienstag (22. Juli) in S&#xFC;dosteuropa. \"\/>Kopie von Dominik Jung Wetter-Net Vorlage &#8211; 2025-07-21T083158.079.jpg \u00a9\u00a0METEORED\/www.daswetter.comS\u00fcdeuropa st\u00f6hnt \u2013 Wetter mit Temperaturen bis 44 Grad und kein Ende in Sicht<\/p>\n<p class=\"id-StoryElement-paragraph\">In S\u00fcdeuropa droht derweil die n\u00e4chste extreme Hitzewelle. Schon am Montag werden in Italien, auf Sizilien, in Griechenland und Teilen der T\u00fcrkei Temperaturen zwischen 35 und 44 Grad erreicht. Besonders in Griechenland steigen die Werte regional auf \u00fcber 44 Grad, was nicht nur unangenehm, sondern auch gesundheitsgef\u00e4hrdend ist. Auch Spanien ist betroffen: Im Wochenverlauf d\u00fcrften die Temperaturen in S\u00fcdspanien und S\u00fcdportugal teils \u00fcber die 40-Grad-Marke klettern. Solche Extremwerte sind selbst f\u00fcr diese Regionen keine Selbstverst\u00e4ndlichkeit \u2013 sie treten aber durch den Klimawandel zunehmend h\u00e4ufiger und fr\u00fcher im Jahr auf. Auch wenn einige immer noch daran zweifeln: Solche Hitzewellen sind nicht die neue Normalit\u00e4t, sie sind Zeichen einer sich ver\u00e4ndernden Klimarealit\u00e4t.<\/p>\n<p>wetter.net\u00a0&#8211; das Wetter auf den Punkt gebracht!<\/p>\n<p class=\"id-StoryElement-factBox-paragraph\">Dieser Artikel entstand in einer Content-Partnerschaft mit <a href=\"https:\/\/www.wetter.net\/\" target=\"_blank\" class=\"id-import-Link id-pageApi-Link--externalDomain\" data-id-ec=\"{&quot;sht&quot;:&quot;Container&quot;,&quot;shn&quot;:&quot;Story&quot;,&quot;p&quot;:{&quot;containerType&quot;:&quot;FactBox&quot;,&quot;displayType&quot;:&quot;FactBox InlineLink&quot;,&quot;type&quot;:&quot;INLINE_LINK&quot;,&quot;value&quot;:&quot;wetter.net&quot;,&quot;variant&quot;:&quot;standardLink&quot;,&quot;sponsored&quot;:false,&quot;linkHref&quot;:&quot;https:\/\/www.wetter.net\/&quot;,&quot;storyElementPosition&quot;:14,&quot;storyElementCount&quot;:16}}\" rel=\"nofollow noopener\">wetter.net<\/a>. wetter.net\u00a0bietet Ihnen alles Wissenswerte rund um Wetter und Klima. Auf unseren Seiten finden Sie weltweite Stadt- und Ortsprognosen f\u00fcr die n\u00e4chsten 14 Tage und das f\u00fcr die ersten 7 Tage in 1-st\u00fcndiger und f\u00fcr die nachfolgenden Tage in 3-st\u00fcndiger zeitlicher Aufl\u00f6sung. Wettervorhersagen, Niederschlagsradar, Messwerte, Wetterwarnungen, Deutschlandwetter und Wetter-News informieren \u00fcber die aktuelle Entwicklung sowie die kommenden Stunden und Tage.<\/p>\n<p>Warum h\u00e4ngt der Regen \u00fcber Deutschland fest?<\/p>\n<p class=\"id-StoryElement-paragraph\">Zwischen diesen beiden Hitzezentren liegt \u2013 ausgerechnet \u2013 Mitteleuropa. Hier hat sich eine Tiefdruckrinne festgesetzt, die feuchte Mittelmeerluft nordw\u00e4rts transportiert. Diese st\u00f6\u00dft auf k\u00fchlere Luftmassen und f\u00fchrt zu intensiven Niederschl\u00e4gen, teils mit Gewittern und Unwettern. Deutschland liegt somit in der Zone zwischen Hochdruck im Norden und S\u00fcden \u2013 einem sogenannten \u201eTrog\u201c, der sich \u00fcber Mitteleuropa festgesetzt hat. Die Folge: Warme, aber extrem feuchte Luft, die in Kombination mit dem geringen Luftdruck f\u00fcr anhaltenden Regen, Gewitter und lokale Unwetter sorgt. Die Temperaturen sind zwar nicht kalt \u2013 meist liegen sie um 23 bis 26 Grad \u2013 doch das schw\u00fcle Wetter ist alles andere als angenehm. W\u00e4hrend der Sommer rundherum in voller H\u00e4rte zuschl\u00e4gt, <a href=\"https:\/\/www.wa.de\/deutschland\/wetter-erwartet-wettermodelle-kippen-ploetzlich-komplett-kommt-grosse-sommer-das-juli-zr-93838651.html\" class=\"id-import-Link\" data-id-ec=\"{&quot;sht&quot;:&quot;Container&quot;,&quot;shn&quot;:&quot;Story&quot;,&quot;p&quot;:{&quot;containerType&quot;:&quot;Paragraph&quot;,&quot;displayType&quot;:&quot;Paragraph InlineLink&quot;,&quot;type&quot;:&quot;INLINE_LINK&quot;,&quot;value&quot;:&quot;erleben wir in Deutschland ein Sommerloch&quot;,&quot;variant&quot;:&quot;standardLink&quot;,&quot;sponsored&quot;:false,&quot;linkHref&quot;:&quot;https:\/\/www.wa.de\/deutschland\/wetter-erwartet-wettermodelle-kippen-ploetzlich-komplett-kommt-grosse-sommer-das-juli-zr-93838651.html&quot;,&quot;storyElementPosition&quot;:16,&quot;storyElementCount&quot;:16}}\" rel=\"nofollow noopener\" target=\"_blank\">erleben wir in Deutschland ein Sommerloch<\/a> \u2013 zumindest was Sonne und Urlaubsstimmung betrifft.<\/p>\n","protected":false},"excerpt":{"rendered":"wa.de Deutschland Stand: 24.07.2025, 04:47 Uhr Von: Dominik Jung DruckenTeilen W\u00e4hrend in Skandinavien und S\u00fcdeuropa die Sonne brennt,&hellip;\n","protected":false},"author":2,"featured_media":289225,"comment_status":"","ping_status":"","sticky":false,"template":"","format":"standard","meta":{"footnotes":""},"categories":[2],"tags":[331,3924,332,3922,3364,29,30,13,14,3923,15,3921,12],"class_list":{"0":"post-289224","1":"post","2":"type-post","3":"status-publish","4":"format-standard","5":"has-post-thumbnail","7":"category-deutschland","8":"tag-aktuelle-nachrichten","9":"tag-aktuelle-nachrichten-aus-deutschland","10":"tag-aktuelle-news","11":"tag-aktuelle-news-aus-deutschland","12":"tag-de","13":"tag-deutschland","14":"tag-germany","15":"tag-headlines","16":"tag-nachrichten","17":"tag-nachrichten-aus-deutschland","18":"tag-news","19":"tag-news-aus-deutschland","20":"tag-schlagzeilen"},"share_on_mastodon":{"url":"https:\/\/pubeurope.com\/@de\/114905988707042498","error":""},"_links":{"self":[{"href":"https:\/\/www.europesays.com\/de\/wp-json\/wp\/v2\/posts\/289224","targetHints":{"allow":["GET"]}}],"collection":[{"href":"https:\/\/www.europesays.com\/de\/wp-json\/wp\/v2\/posts"}],"about":[{"href":"https:\/\/www.europesays.com\/de\/wp-json\/wp\/v2\/types\/post"}],"author":[{"embeddable":true,"href":"https:\/\/www.europesays.com\/de\/wp-json\/wp\/v2\/users\/2"}],"replies":[{"embeddable":true,"href":"https:\/\/www.europesays.com\/de\/wp-json\/wp\/v2\/comments?post=289224"}],"version-history":[{"count":0,"href":"https:\/\/www.europesays.com\/de\/wp-json\/wp\/v2\/posts\/289224\/revisions"}],"wp:featuredmedia":[{"embeddable":true,"href":"https:\/\/www.europesays.com\/de\/wp-json\/wp\/v2\/media\/289225"}],"wp:attachment":[{"href":"https:\/\/www.europesays.com\/de\/wp-json\/wp\/v2\/media?parent=289224"}],"wp:term":[{"taxonomy":"category","embeddable":true,"href":"https:\/\/www.europesays.com\/de\/wp-json\/wp\/v2\/categories?post=289224"},{"taxonomy":"post_tag","embeddable":true,"href":"https:\/\/www.europesays.com\/de\/wp-json\/wp\/v2\/tags?post=289224"}],"curies":[{"name":"wp","href":"https:\/\/api.w.org\/{rel}","templated":true}]}}