{"id":289413,"date":"2025-07-24T04:56:09","date_gmt":"2025-07-24T04:56:09","guid":{"rendered":"https:\/\/www.europesays.com\/de\/289413\/"},"modified":"2025-07-24T04:56:09","modified_gmt":"2025-07-24T04:56:09","slug":"berlin-brandenburg-wolken-und-sonne-in-berlin-und-brandenburg","status":"publish","type":"post","link":"https:\/\/www.europesays.com\/de\/289413\/","title":{"rendered":"Berlin &#038; Brandenburg: Wolken und Sonne in Berlin und Brandenburg"},"content":{"rendered":"<p>                    Berlin &amp; Brandenburg<br \/>\n                Wolken und Sonne in Berlin und Brandenburg<\/p>\n<p>\t\t\t\t              24.07.2025, 06:13 Uhr<\/p>\n<p><strong>Nach Wolken am Donnerstagmorgen scheint im Tagesverlauf immer mehr die Sonne in Berlin und Brandenburg. Am Freitag allerdings sind wieder Gewitter und Regen angesagt.<\/strong><\/p>\n<p>Potsdam\/Berlin (dpa\/bb) &#8211; Zwischen einigen Wolken zeigt sich am Donnerstag in Berlin und Brandenburg die Sonne. Nach einem eher bedeckten Start lockert es im Tagesverlauf zunehmend auf, wie der Deutsche Wetterdienst mitteilte. Nur vereinzelt kommt es zu Schauern. Die Temperaturen erreichen 24 bis 27 Grad.<\/p>\n<p>In der Nacht zum Freitag zieht es wieder zu, bis Mitternacht fallen vor allem im Norden von Brandenburg Schauer. Dabei k\u00fchlt es auf 16 bis 13 Grad ab. Am Freitag m\u00fcssen sich die Menschen in Berlin und Brandenburg wieder auf Gewitter und Regen einstellen, \u00f6rtlich kommt es zu Starkregen und Hagel. Die H\u00f6chstwerte liegen bei 24 bis 27 Grad.<\/p>\n<p>Schauer und Gewitter ziehen sich in der Nacht zum Samstag zur\u00fcck, die Temperaturen sinken auf 17 bis 14 Grad. Das Wochenende startet am Samstag mit Sonne, Wolken und nur geringer Schauerneigung bei maximal 24 bis 26 Grad.<\/p>\n","protected":false},"excerpt":{"rendered":"Berlin &amp; Brandenburg Wolken und Sonne in Berlin und Brandenburg 24.07.2025, 06:13 Uhr Nach Wolken am Donnerstagmorgen scheint&hellip;\n","protected":false},"author":2,"featured_media":289414,"comment_status":"","ping_status":"","sticky":false,"template":"","format":"standard","meta":{"footnotes":""},"categories":[1816],"tags":[1960,1958,1959,1957,296,1956,1890,29,30,4747,26455],"class_list":{"0":"post-289413","1":"post","2":"type-post","3":"status-publish","4":"format-standard","5":"has-post-thumbnail","7":"category-brandenburg","8":"tag-aktuelle-nachrichten-aus-berlin-und-brandenburg","9":"tag-aktuelle-nachrichten-aus-brandenburg","10":"tag-aktuelle-news-aus-berlin-und-brandenburg","11":"tag-aktuelle-news-aus-brandenburg","12":"tag-berlin","13":"tag-berlin-und-brandenburg","14":"tag-brandenburg","15":"tag-deutschland","16":"tag-germany","17":"tag-sonne","18":"tag-wolken"},"share_on_mastodon":{"url":"","error":""},"_links":{"self":[{"href":"https:\/\/www.europesays.com\/de\/wp-json\/wp\/v2\/posts\/289413","targetHints":{"allow":["GET"]}}],"collection":[{"href":"https:\/\/www.europesays.com\/de\/wp-json\/wp\/v2\/posts"}],"about":[{"href":"https:\/\/www.europesays.com\/de\/wp-json\/wp\/v2\/types\/post"}],"author":[{"embeddable":true,"href":"https:\/\/www.europesays.com\/de\/wp-json\/wp\/v2\/users\/2"}],"replies":[{"embeddable":true,"href":"https:\/\/www.europesays.com\/de\/wp-json\/wp\/v2\/comments?post=289413"}],"version-history":[{"count":0,"href":"https:\/\/www.europesays.com\/de\/wp-json\/wp\/v2\/posts\/289413\/revisions"}],"wp:featuredmedia":[{"embeddable":true,"href":"https:\/\/www.europesays.com\/de\/wp-json\/wp\/v2\/media\/289414"}],"wp:attachment":[{"href":"https:\/\/www.europesays.com\/de\/wp-json\/wp\/v2\/media?parent=289413"}],"wp:term":[{"taxonomy":"category","embeddable":true,"href":"https:\/\/www.europesays.com\/de\/wp-json\/wp\/v2\/categories?post=289413"},{"taxonomy":"post_tag","embeddable":true,"href":"https:\/\/www.europesays.com\/de\/wp-json\/wp\/v2\/tags?post=289413"}],"curies":[{"name":"wp","href":"https:\/\/api.w.org\/{rel}","templated":true}]}}