{"id":289572,"date":"2025-07-24T06:25:10","date_gmt":"2025-07-24T06:25:10","guid":{"rendered":"https:\/\/www.europesays.com\/de\/289572\/"},"modified":"2025-07-24T06:25:10","modified_gmt":"2025-07-24T06:25:10","slug":"gaeste-und-thema-am-23-7-25","status":"publish","type":"post","link":"https:\/\/www.europesays.com\/de\/289572\/","title":{"rendered":"G\u00e4ste und Thema am 23.7.25"},"content":{"rendered":"<p class=\"mb-6 text-xs md:text-m lg:text-l font-serif group-[.font-sans]:font-sans \">\n    \u201e<a href=\"https:\/\/www.augsburger-allgemeine.de\/personen\/aa-markus-lanz\" target=\"_self\" class=\"underline \" rel=\"nofollow noopener\">Markus Lanz<\/a>\u201c steht kurz vor der Sommerpause. Am Mittwoch und am Donnerstag ist der Polit-Talk noch auf Sendung, dann verabschiedet sich Lanz f\u00fcr einen Monat in den Urlaub. In der Folge am Dienstag sprach der Moderator mit seinen G\u00e4sten \u00fcber die Krise der <a href=\"https:\/\/www.augsburger-allgemeine.de\/organisationen\/aa-spd\" target=\"_self\" class=\"underline \" rel=\"nofollow noopener\">SPD<\/a> und dar\u00fcber, warum die <a href=\"https:\/\/www.augsburger-allgemeine.de\/organisationen\/aa-die-linke\" target=\"_self\" class=\"underline \" rel=\"nofollow noopener\">Linkspartei<\/a> deutlich an Beliebtheit gewonnen hat. Der ehemalige SPD-Chef und Ex-Vizekanzler Franz M\u00fcntefering sprach \u00fcber den Zustand seiner Partei und machte unter anderem Oskar Lafontaine f\u00fcr die aktuelle Misere verantwortlich. Er habe mit seinem Vorgehen \u201esystematisch die Regierungsf\u00e4higkeit der SPD zu Ende gebracht\u201c, sagte er.\n  <\/p>\n<p class=\"mb-6 text-xs md:text-m lg:text-l font-serif group-[.font-sans]:font-sans \">\n    Ebenfalls zu Gast war Linkenpolitiker Gregor Gysi, der \u00fcber das Verh\u00e4ltnis seiner Partei zur SPD sprach. In der Sendung sagte er, die SPD m\u00fcsse zu alten Werten zur\u00fcckkehren und die Interessen der Arbeitnehmerinnen und Arbeitnehmer in den Vordergrund stellen. Politologin Andrea R\u00f6mmele merkte an, dass man wohl nicht zu fr\u00fcheren Ergebnissen zur\u00fcckkehren k\u00f6nne: \u201eDie SPD zur\u00fcckzuf\u00fchren zu den 35, 40 Prozent &#8211; ich glaube, das wird unter den Gegebenheiten, die wir heute haben, nicht mehr der Fall sein. F\u00fcr keine der ehemaligen Volksparteien, auch f\u00fcr die Union nicht. Aber die Frage ist eben, ob man sie wieder stabilisieren kann und eben \u00fcber die 20 Prozent bringt.\u201c\n  <\/p>\n<p class=\"mb-6 text-xs md:text-m lg:text-l font-serif group-[.font-sans]:font-sans \">\n    Worum ging es gestern am 23. Juli 2025 bei \u201eMarkus Lanz\u201c? Welche G\u00e4ste waren im Studio und wie lautete das Thema? Die Antworten und alle Infos zur neuen Ausgabe des Polit-Talks gibt es hier.\n  <\/p>\n<p>            Wo lief \u201eMarkus Lanz\u201c gestern am Mittwoch?<\/p>\n<p class=\"mb-6 text-xs md:text-m lg:text-l font-serif group-[.font-sans]:font-sans \">\n    Einmal gibt es die Talkrunde vor der Sommerpause noch im ZDF zu sehen. Wie immer l\u00e4uft die Sendung am sp\u00e4ten Abend im Fernsehen &#8211; oder alternativ <a href=\"https:\/\/www.zdf.de\/live-tv\" target=\"_self\" class=\"underline \" rel=\"nofollow noopener\">Live-Stream des ZDF<\/a>. Alle Infos zur \u00dcbertragung von \u201eMarkus Lanz\u201c gestern am 23.7.25 im \u00dcberblick:\n  <\/p>\n<ul rel=\"\" class=\"[&amp;&gt;li]:relative list-none  [&amp;&gt;li]:pl-[1.2em] [&amp;&gt;li]:marker:text-[0] [&amp;&gt;li]:relative [&amp;&gt;li]:before:absolute [&amp;&gt;li]:before:w-3 [&amp;&gt;li]:before:h-3 [&amp;&gt;li]:before:bg-brand [&amp;&gt;li]:before:left-0 [&amp;&gt;li]:before:top-[8px] [&amp;&gt;li]:before:rounded-full  my-5\">\n<li class=\" mb-3 text-xs md:text-m lg:text-l\">Was? \u201eMarkus Lanz\u201c (Folge 2113)<\/li>\n<li class=\" mb-3 text-xs md:text-m lg:text-l\">Wann? Mittwoch, 23. Juli 2025, 23.45 Uhr<\/li>\n<li class=\" mb-3 text-xs md:text-m lg:text-l\">Wo? ZDF (TV), ZDF-Livestream (Online)<\/li>\n<\/ul>\n<p>            Thema bei \u201eMarkus Lanz\u201c gestern am 23.7.25<\/p>\n<p class=\"mb-6 text-xs md:text-m lg:text-l font-serif group-[.font-sans]:font-sans \">\n    Meistens gibt es in den Talkrunden ein Oberthema, das Markus Lanz mit seinen G\u00e4sten diskutiert. In der Regel dreht sich die Diskussion um aktuelle Themen aus Politik, Gesellschaft oder Wirtschaft. Gestern ging es in der Sendung um den Krieg in der <a href=\"https:\/\/www.augsburger-allgemeine.de\/schlagworte\/aa-ukraine-konflikt\" target=\"_self\" class=\"underline \" rel=\"nofollow noopener\">Ukraine<\/a> und einen m\u00f6glichen Angriff Russlands auf die NATO. Au\u00dferdem wurde \u00fcber die Folgen von Kriegen, Russlands Blick auf Europa und die Reformen der Bundeswehr diskutiert.\n  <\/p>\n<p>            \u201eMarkus Lanz\u201c gestern: G\u00e4ste am 23. Juli 2025<\/p>\n<p class=\"mb-6 text-xs md:text-m lg:text-l font-serif group-[.font-sans]:font-sans \">\n    In jeder Folge sind Politiker, Autoren, Experten und Journalisten zu Gast, die Themen wie die Bundestagswahl, den Krieg in der Ukraine, gro\u00dfe Sportereignisse und aktuelle politische Themen diskutieren. Diese G\u00e4ste nahmen gestern neben Markus Lanz im Studio Platz:\n  <\/p>\n<ul rel=\"\" class=\"[&amp;&gt;li]:relative list-none  [&amp;&gt;li]:pl-[1.2em] [&amp;&gt;li]:marker:text-[0] [&amp;&gt;li]:relative [&amp;&gt;li]:before:absolute [&amp;&gt;li]:before:w-3 [&amp;&gt;li]:before:h-3 [&amp;&gt;li]:before:bg-brand [&amp;&gt;li]:before:left-0 [&amp;&gt;li]:before:top-[8px] [&amp;&gt;li]:before:rounded-full  my-5\">\n<li class=\" mb-3 text-xs md:text-m lg:text-l\">S\u00f6nke Neitzel, Milit\u00e4rhistoriker: Der Professor der Universit\u00e4t Potsdam sprach \u00fcber die Gefahr eines Angriffs Russlands auf die NATO und erkl\u00e4rte, wie zwingend tiefgreifende und rasche Reformen bei der Bundeswehr sind.<\/li>\n<li class=\" mb-3 text-xs md:text-m lg:text-l\">Katrin Eigendorf, Korrespondentin: Die internationale ZDF-Sonderkorrespondentin gab einen pers\u00f6nlichen Einblick in ihre Arbeit als Kriegsreporterin und schilderte die verheerenden humanit\u00e4ren Folgen gewaltsamer Konflikte.<\/li>\n<li class=\" mb-3 text-xs md:text-m lg:text-l\">Ole Nymoen, Autor: \u201eIch bin lieber weniger frei als tot\u201c, sagte der 27-j\u00e4hrige Podcaster und erl\u00e4uterte, warum er f\u00fcr Deutschland nicht in den Krieg ziehen w\u00fcrde.<\/li>\n<li class=\" mb-3 text-xs md:text-m lg:text-l\">Andrey Gurkov, Journalist: \u201eF\u00fcr Russland ist Europa der Feind\u201c, stellte der in Moskau geborene Publizist fest und legte dar, wo die historischen, kulturellen und politischen Ursachen f\u00fcr das Feindbild der Russen liegen.<\/li>\n<\/ul>\n<p>            Folge verpasst? \u201eMarkus Lanz\u201c in der Wiederholung sehen<\/p>\n<p class=\"mb-6 text-xs md:text-m lg:text-l font-serif group-[.font-sans]:font-sans \">\n    Sollten Sie die aktuelle Sendung von \u201eMarkus Lanz\u201c verpasst haben, k\u00f6nnen Sie die Episode im Nachhinein \u00fcber die <a href=\"https:\/\/www.zdf.de\/\" target=\"_self\" class=\"underline \" rel=\"nofollow noopener\">Mediathek des ZDF<\/a> abrufen. Alle Folgen der Show werden dort hochgeladen, sind jedoch nicht unbegrenzt abrufbar. In der Regel stehen die Talkrunden einige Monate im Stream zur Verf\u00fcgung. Eine Wiederholung des Polit-Talks im TV bietet das ZDF nicht an.\n  <\/p>\n<p>            Sendetermine: Wann l\u00e4uft \u201eMarkus Lanz\u201c diese Woche und nach der Sommerpause?<\/p>\n<p class=\"mb-6 text-xs md:text-m lg:text-l font-serif group-[.font-sans]:font-sans \">\n    Heute am Donnerstag gibt es \u201eMarkus Lanz\u201c noch im TV zu sehen, danach verabschiedet sich der Polit-Talk einen Monat lang in die Sommerpause. Im Gegensatz zu anderen Polit-Talkshows f\u00e4llt die Pause bei Lanz sehr kurz aus: Nur einen Monat lang geht er in den Urlaub. Das sind die n\u00e4chsten Sendetermine im \u00dcberblick:\n  <\/p>\n<ul rel=\"\" class=\"[&amp;&gt;li]:relative list-none  [&amp;&gt;li]:pl-[1.2em] [&amp;&gt;li]:marker:text-[0] [&amp;&gt;li]:relative [&amp;&gt;li]:before:absolute [&amp;&gt;li]:before:w-3 [&amp;&gt;li]:before:h-3 [&amp;&gt;li]:before:bg-brand [&amp;&gt;li]:before:left-0 [&amp;&gt;li]:before:top-[8px] [&amp;&gt;li]:before:rounded-full  my-5\">\n<li class=\" mb-3 text-xs md:text-m lg:text-l\">Mittwoch, 23. Juli 2025: 23.45 Uhr bis 0.45 Uhr (ZDF)<\/li>\n<li class=\" mb-3 text-xs md:text-m lg:text-l\">Donnerstag, 24. Juli 2025: 23.15 Uhr bis 0.30 Uhr (ZDF)<\/li>\n<li class=\" mb-3 text-xs md:text-m lg:text-l\">Dienstag, 26. August 2025: 23.45 Uhr bis 0.00 Uhr (ZDF)<\/li>\n<\/ul>\n<ul data-module-id=\"DragDropModule\" class=\"flex flex-wrap justify-start group-[.no-bookmarks]:hidden\">\n<li class=\"mb-3 mr-3\">\n    Christian Gerngras<\/p>\n<p>      Icon Haken im Kreis gesetzt<\/p>\n<p>      Icon Plus im Kreis<\/p>\n<\/li>\n<li class=\"mb-3 mr-3\">\n    Markus Lanz<\/p>\n<p>      Icon Haken im Kreis gesetzt<\/p>\n<p>      Icon Plus im Kreis<\/p>\n<\/li>\n<li class=\"mb-3 mr-3\">\n    SPD<\/p>\n<p>      Icon Haken im Kreis gesetzt<\/p>\n<p>      Icon Plus im Kreis<\/p>\n<\/li>\n<\/ul>\n","protected":false},"excerpt":{"rendered":"\u201eMarkus Lanz\u201c steht kurz vor der Sommerpause. Am Mittwoch und am Donnerstag ist der Polit-Talk noch auf Sendung,&hellip;\n","protected":false},"author":2,"featured_media":1680,"comment_status":"","ping_status":"","sticky":false,"template":"","format":"standard","meta":{"footnotes":""},"categories":[1773],"tags":[29,214,30,471,1780,215],"class_list":{"0":"post-289572","1":"post","2":"type-post","3":"status-publish","4":"format-standard","5":"has-post-thumbnail","7":"category-serien","8":"tag-deutschland","9":"tag-entertainment","10":"tag-germany","11":"tag-serien","12":"tag-series","13":"tag-unterhaltung"},"share_on_mastodon":{"url":"https:\/\/pubeurope.com\/@de\/114906786825225117","error":""},"_links":{"self":[{"href":"https:\/\/www.europesays.com\/de\/wp-json\/wp\/v2\/posts\/289572","targetHints":{"allow":["GET"]}}],"collection":[{"href":"https:\/\/www.europesays.com\/de\/wp-json\/wp\/v2\/posts"}],"about":[{"href":"https:\/\/www.europesays.com\/de\/wp-json\/wp\/v2\/types\/post"}],"author":[{"embeddable":true,"href":"https:\/\/www.europesays.com\/de\/wp-json\/wp\/v2\/users\/2"}],"replies":[{"embeddable":true,"href":"https:\/\/www.europesays.com\/de\/wp-json\/wp\/v2\/comments?post=289572"}],"version-history":[{"count":0,"href":"https:\/\/www.europesays.com\/de\/wp-json\/wp\/v2\/posts\/289572\/revisions"}],"wp:featuredmedia":[{"embeddable":true,"href":"https:\/\/www.europesays.com\/de\/wp-json\/wp\/v2\/media\/1680"}],"wp:attachment":[{"href":"https:\/\/www.europesays.com\/de\/wp-json\/wp\/v2\/media?parent=289572"}],"wp:term":[{"taxonomy":"category","embeddable":true,"href":"https:\/\/www.europesays.com\/de\/wp-json\/wp\/v2\/categories?post=289572"},{"taxonomy":"post_tag","embeddable":true,"href":"https:\/\/www.europesays.com\/de\/wp-json\/wp\/v2\/tags?post=289572"}],"curies":[{"name":"wp","href":"https:\/\/api.w.org\/{rel}","templated":true}]}}