{"id":289590,"date":"2025-07-24T06:36:16","date_gmt":"2025-07-24T06:36:16","guid":{"rendered":"https:\/\/www.europesays.com\/de\/289590\/"},"modified":"2025-07-24T06:36:16","modified_gmt":"2025-07-24T06:36:16","slug":"sportchef-meyer-schwaermt-von-ihm-knallt-baro-den-hfc-in-die-3-liga-sport","status":"publish","type":"post","link":"https:\/\/www.europesays.com\/de\/289590\/","title":{"rendered":"Sportchef Meyer schw\u00e4rmt von ihm: Knallt Baro den HFC in die 3. Liga? | Sport"},"content":{"rendered":"<p><b>Hat der Hallesche FC jetzt das wuchtigste Sturmduo der Regionalliga Nordost? <\/b><\/p>\n<p>Mit Bocar Baro (27) schnappte sich <a href=\"https:\/\/www.bild.de\/sport\/fussball\/hallescher-fc\/startseite-hallescher-fc-54757488.bild.html\" class=\"text-link\" target=\"_blank\" rel=\"noopener\">Halle<\/a> einen echten Knipser. Der Portugiese wurde von Ligakonkurrent Hertha Zehlendorf losgeeist und folgt damit Trainer Robert Schr\u00f6der an die Saale. Den Aufsteiger ballerte Baro mit elf Toren in 13 Spielen zum Klassenerhalt, davor bewies er Treffsicherheit in Halberstadt. <\/p>\n<p><b>Jetzt soll er den HFC zum Staffelsieg schie\u00dfen. Sportchef Daniel Meyer schw\u00e4rmt: \u201eBocar ist ein Vollblutst\u00fcrmer mit beeindruckender Quote, der mit seinen Auftritten in der Liga Begehrlichkeiten geweckt hat. Wir hoffen, dass er diese best\u00e4tigen und unsere Fans mit vielen Toren erfreuen kann.\u201c <\/b><\/p>\n<p>Stark von Meyer: Baro hat f\u00fcr zwei Jahre inklusive Option f\u00fcr eine dritte Spielzeit unterschrieben. Der schnelle Baro soll beim HFC der perfekte Angriffs-Partner von Malik Fakhro werden.<\/p>\n<p>Lesen Sie auchFakhro verspricht: \u201eGebe immer 110 Prozent\u201c<\/p>\n<p>Der Neuzugang aus Duisburg tr\u00e4gt den Spitznamen \u201eB\u00fcffel\u201c und erkl\u00e4rt: \u201eDen Namen habe ich damals bei Schwarz-Wei\u00df Essen bekomme. Es liegt wohl daran, dass ich da vorn so viel ackere und mein K\u00f6rperbau wohl dem eines B\u00fcffels \u00e4hnelt.\u201c <\/p>\n<p><img decoding=\"async\" width=\"992\" height=\"558\" alt=\"HFC-Neuzugang Malik Fakhro spielte in der vergangenen Saison f\u00fcr den MSV Duisburg\" src=\"https:\/\/www.europesays.com\/de\/wp-content\/uploads\/2025\/07\/543ec5849a91854da8207e753150e4d2,2e44e3cb\"   class=\"landscape\" loading=\"lazy\"\/><\/p>\n<p class=\"fig__caption__text\">HFC-Neuzugang Malik Fakhro spielte in der vergangenen Saison f\u00fcr den MSV Duisburg<\/p>\n<p>Foto: IMAGO\/Eckehard Schulz<\/p>\n<p>In der Vorbereitung pfl\u00fcgte der libanesische Nationalspieler (3 Spiele, 2 Tore) auch schon durch die Strafr\u00e4ume und \u00fcberzeugte mit Kaltschn\u00e4uzigkeit vor dem Tor. <\/p>\n<p><b>F\u00fcr die anstehende Saison hat Fakhro \u201eein gutes Gef\u00fchl\u201c und verspricht: \u201eKampfgeist und Mentalit\u00e4t kann man immer von mir erwarten. Die Fans k\u00f6nnen sicher sein, dass ich immer 110 Prozent gebe, jedem Ball nachlaufe und versuche, viele Tore zu schie\u00dfen. Daf\u00fcr bin ich hier.\u201c<\/b><\/p>\n","protected":false},"excerpt":{"rendered":"Hat der Hallesche FC jetzt das wuchtigste Sturmduo der Regionalliga Nordost? Mit Bocar Baro (27) schnappte sich Halle&hellip;\n","protected":false},"author":2,"featured_media":289591,"comment_status":"","ping_status":"","sticky":false,"template":"","format":"standard","meta":{"footnotes":""},"categories":[1860],"tags":[995,3364,29,996,548,663,3934,347,30,4062,17332,12435,13,14,15,3459,3458,17331,860,12,3460,9095,45],"class_list":{"0":"post-289590","1":"post","2":"type-post","3":"status-publish","4":"format-standard","5":"has-post-thumbnail","7":"category-halle-saale","8":"tag-3-liga","9":"tag-de","10":"tag-deutschland","11":"tag-dritte-liga","12":"tag-eu","13":"tag-europa","14":"tag-europe","15":"tag-fussball","16":"tag-germany","17":"tag-halle","18":"tag-halle-saale","19":"tag-hallescher-fc","20":"tag-headlines","21":"tag-nachrichten","22":"tag-news","23":"tag-regionalliga","24":"tag-regionalliga-nordost","25":"tag-saale","26":"tag-sachsen-anhalt","27":"tag-schlagzeilen","28":"tag-sport-leuchtturm-leipzig","29":"tag-stuermer","30":"tag-texttospeech"},"share_on_mastodon":{"url":"https:\/\/pubeurope.com\/@de\/114906830173289941","error":""},"_links":{"self":[{"href":"https:\/\/www.europesays.com\/de\/wp-json\/wp\/v2\/posts\/289590","targetHints":{"allow":["GET"]}}],"collection":[{"href":"https:\/\/www.europesays.com\/de\/wp-json\/wp\/v2\/posts"}],"about":[{"href":"https:\/\/www.europesays.com\/de\/wp-json\/wp\/v2\/types\/post"}],"author":[{"embeddable":true,"href":"https:\/\/www.europesays.com\/de\/wp-json\/wp\/v2\/users\/2"}],"replies":[{"embeddable":true,"href":"https:\/\/www.europesays.com\/de\/wp-json\/wp\/v2\/comments?post=289590"}],"version-history":[{"count":0,"href":"https:\/\/www.europesays.com\/de\/wp-json\/wp\/v2\/posts\/289590\/revisions"}],"wp:featuredmedia":[{"embeddable":true,"href":"https:\/\/www.europesays.com\/de\/wp-json\/wp\/v2\/media\/289591"}],"wp:attachment":[{"href":"https:\/\/www.europesays.com\/de\/wp-json\/wp\/v2\/media?parent=289590"}],"wp:term":[{"taxonomy":"category","embeddable":true,"href":"https:\/\/www.europesays.com\/de\/wp-json\/wp\/v2\/categories?post=289590"},{"taxonomy":"post_tag","embeddable":true,"href":"https:\/\/www.europesays.com\/de\/wp-json\/wp\/v2\/tags?post=289590"}],"curies":[{"name":"wp","href":"https:\/\/api.w.org\/{rel}","templated":true}]}}