{"id":289821,"date":"2025-07-24T08:40:11","date_gmt":"2025-07-24T08:40:11","guid":{"rendered":"https:\/\/www.europesays.com\/de\/289821\/"},"modified":"2025-07-24T08:40:11","modified_gmt":"2025-07-24T08:40:11","slug":"dortmund-17-jaehriger-mit-butterflymesser-am-hauptbahnhof-erwischt-regional","status":"publish","type":"post","link":"https:\/\/www.europesays.com\/de\/289821\/","title":{"rendered":"Dortmund: 17-J\u00e4hriger mit Butterflymesser am Hauptbahnhof erwischt | Regional"},"content":{"rendered":"<p>Dortmund \u2013 <b>Am Hauptbahnhof Dortmund hat die Bundespolizei einen 17-J\u00e4hrigen mit einem verbotenen Butterflymesser erwischt.<\/b><\/p>\n<p>Bei einer Kontrolle am Abend des 23.07.2023, gegen 18.30 Uhr, stie\u00dfen die Beamten auf den Jugendlichen aus Waltrop. Im Rahmen der geltenden Allgemeinverf\u00fcgung zum Mitf\u00fchrungsverbot gef\u00e4hrlicher Gegenst\u00e4nde am Dortmunder Hauptbahnhof wurde der junge Mann befragt.<\/p>\n<p>Z\u00f6gerlich gab er zu, ein Messer bei sich zu haben. Die Polizisten fanden das Butterflymesser \u2013 ein Faltmesser mit zweigeteilten Griffen \u2013 und beschlagnahmten es sofort. Der 17-J\u00e4hrige erkl\u00e4rte, er habe vergessen, das Messer vorher zu entsorgen.<\/p>\n<p>Nach einer Belehrung und der Androhung eines Zwangsgeldes bei erneutem Versto\u00df durfte er weitergehen. Nun erwartet ihn ein Verfahren wegen Versto\u00dfes gegen das Waffengesetz.<\/p>\n<p>Dieser Text basiert auf einer offiziellen Beh\u00f6rden-Information und wurde mit Hilfe von KI erstellt.<\/p>\n","protected":false},"excerpt":{"rendered":"Dortmund \u2013 Am Hauptbahnhof Dortmund hat die Bundespolizei einen 17-J\u00e4hrigen mit einem verbotenen Butterflymesser erwischt. Bei einer Kontrolle&hellip;\n","protected":false},"author":2,"featured_media":241112,"comment_status":"","ping_status":"","sticky":false,"template":"","format":"standard","meta":{"footnotes":""},"categories":[1833],"tags":[3364,29,217,30,2509,1209,121,45,1995],"class_list":{"0":"post-289821","1":"post","2":"type-post","3":"status-publish","4":"format-standard","5":"has-post-thumbnail","7":"category-dortmund","8":"tag-de","9":"tag-deutschland","10":"tag-dortmund","11":"tag-germany","12":"tag-ki-ots","13":"tag-nordrhein-westfalen","14":"tag-polizei","15":"tag-texttospeech","16":"tag-verbrechen"},"share_on_mastodon":{"url":"https:\/\/pubeurope.com\/@de\/114907317772002695","error":""},"_links":{"self":[{"href":"https:\/\/www.europesays.com\/de\/wp-json\/wp\/v2\/posts\/289821","targetHints":{"allow":["GET"]}}],"collection":[{"href":"https:\/\/www.europesays.com\/de\/wp-json\/wp\/v2\/posts"}],"about":[{"href":"https:\/\/www.europesays.com\/de\/wp-json\/wp\/v2\/types\/post"}],"author":[{"embeddable":true,"href":"https:\/\/www.europesays.com\/de\/wp-json\/wp\/v2\/users\/2"}],"replies":[{"embeddable":true,"href":"https:\/\/www.europesays.com\/de\/wp-json\/wp\/v2\/comments?post=289821"}],"version-history":[{"count":0,"href":"https:\/\/www.europesays.com\/de\/wp-json\/wp\/v2\/posts\/289821\/revisions"}],"wp:featuredmedia":[{"embeddable":true,"href":"https:\/\/www.europesays.com\/de\/wp-json\/wp\/v2\/media\/241112"}],"wp:attachment":[{"href":"https:\/\/www.europesays.com\/de\/wp-json\/wp\/v2\/media?parent=289821"}],"wp:term":[{"taxonomy":"category","embeddable":true,"href":"https:\/\/www.europesays.com\/de\/wp-json\/wp\/v2\/categories?post=289821"},{"taxonomy":"post_tag","embeddable":true,"href":"https:\/\/www.europesays.com\/de\/wp-json\/wp\/v2\/tags?post=289821"}],"curies":[{"name":"wp","href":"https:\/\/api.w.org\/{rel}","templated":true}]}}