{"id":290383,"date":"2025-07-24T13:48:15","date_gmt":"2025-07-24T13:48:15","guid":{"rendered":"https:\/\/www.europesays.com\/de\/290383\/"},"modified":"2025-07-24T13:48:15","modified_gmt":"2025-07-24T13:48:15","slug":"100-einreisen-verweigert-polen-will-kontrollen-an-grenze-zu-deutschland-verlaengern","status":"publish","type":"post","link":"https:\/\/www.europesays.com\/de\/290383\/","title":{"rendered":"100 Einreisen verweigert: Polen will Kontrollen an Grenze zu Deutschland verl\u00e4ngern"},"content":{"rendered":"<p>                    100 Einreisen verweigert<br \/>\n                Polen will Kontrollen an Grenze zu Deutschland verl\u00e4ngern<\/p>\n<p>\t\t\t\t              24.07.2025, 15:40 Uhr<\/p>\n<p><strong>Polens Innenminister Siemoniak wirft Russland und Belarus vor, Fl\u00fcchtlinge gezielt als Druckmittel einzusetzen. Der deutsche Nachbar kontrolliert deshalb Grenzen zur Bundesrepublik und Litauen. Was f\u00fcr einen Monat geplant ist, geht nun in die Verl\u00e4ngerung. Auch danach ist wohl nicht Schluss damit.<\/strong><\/p>\n<p>Polen wird nach Einsch\u00e4tzung des Innenministers Tomasz Siemoniak seine am 7. Juli begonnenen Grenzkontrollen zu Deutschland und Litauen verl\u00e4ngern. Gem\u00e4\u00df den Regeln des Schengenraums l\u00e4uft die Frist daf\u00fcr zun\u00e4chst 30 Tage, wie er dem Fernsehsender TVN24 sagte. &#8222;Sie werden sicherlich verl\u00e4ngert.&#8220; Im sogenannten Schengen-Abkommen haben 29 europ\u00e4ische Staaten einen im Grundsatz ungehinderten Reiseverkehr vereinbart.<\/p>\n<p>Siemoniak gibt in der <a href=\"https:\/\/www.n-tv.de\/politik\/Tusk-verstaerkt-Kampf-gegen-illegale-Migration-article25920708.html\" rel=\"Follow nofollow noopener\" target=\"_blank\">Umbildung der polnischen Regierung<\/a> das Amt des Innenministers ab. Er bleibt aber Koordinator der Geheimdienste und ist zust\u00e4ndig f\u00fcr die Abwehr irregul\u00e4rer Migration.<\/p>\n<p>Der polnische Grenzschutz teilte in einer Bilanz nach zwei Wochen Kontrollen mit, es seien 100 Personen abgewiesen worden, die unberechtigterweise aus Deutschland oder Litauen einreisen wollten. Insgesamt seien stichprobenartig etwa 280.000 Personen und 134.200 Fahrzeuge kontrolliert worden, teilte die Beh\u00f6rde in Warschau auf X mit.<\/p>\n<p>Russland und Belarus nutzten in ihrem hybriden Angriff auf Polen und die EU Fl\u00fcchtlinge als Waffe, sagte Siemoniak in dem Fernsehinterview. &#8222;Die Migranten fliegen nach Moskau, haben russische Visa. Dann werden sie mit Bussen an die polnische Grenze gebracht, die belarussischen Beh\u00f6rden instruieren sie, was sie tun sollen&#8220;, sagte er. &#8222;Und dann versuchen sie nach Polen einzudringen.&#8220;<\/p>\n<p>Deutschland kontrolliert bereits seit Oktober 2023 wieder an der Grenze zu Polen. Die Regierung in Warschau zog unter dem Druck rechtsgerichteter B\u00fcrgerwehren nach. Diese suchten eigenm\u00e4chtig nach illegalen Migranten und versuchten den staatlichen Grenzschutz zu kontrollieren. Sie unterstellten, Deutschland schiebe Fl\u00fcchtlinge ab, die vorher nicht in Polen gewesen seien.<\/p>\n","protected":false},"excerpt":{"rendered":"100 Einreisen verweigert Polen will Kontrollen an Grenze zu Deutschland verl\u00e4ngern 24.07.2025, 15:40 Uhr Polens Innenminister Siemoniak wirft&hellip;\n","protected":false},"author":2,"featured_media":290384,"comment_status":"","ping_status":"","sticky":false,"template":"","format":"standard","meta":{"footnotes":""},"categories":[2],"tags":[331,3924,332,3922,3364,29,42893,5249,30,10569,13,812,382,14,3923,15,3921,3917,16,307,12],"class_list":{"0":"post-290383","1":"post","2":"type-post","3":"status-publish","4":"format-standard","5":"has-post-thumbnail","7":"category-deutschland","8":"tag-aktuelle-nachrichten","9":"tag-aktuelle-nachrichten-aus-deutschland","10":"tag-aktuelle-news","11":"tag-aktuelle-news-aus-deutschland","12":"tag-de","13":"tag-deutschland","14":"tag-eu-grenzschutz","15":"tag-fluechtlinge","16":"tag-germany","17":"tag-grenzkontrollen","18":"tag-headlines","19":"tag-litauen","20":"tag-migration","21":"tag-nachrichten","22":"tag-nachrichten-aus-deutschland","23":"tag-news","24":"tag-news-aus-deutschland","25":"tag-polen","26":"tag-politik","27":"tag-russland","28":"tag-schlagzeilen"},"share_on_mastodon":{"url":"https:\/\/pubeurope.com\/@de\/114908528945882079","error":""},"_links":{"self":[{"href":"https:\/\/www.europesays.com\/de\/wp-json\/wp\/v2\/posts\/290383","targetHints":{"allow":["GET"]}}],"collection":[{"href":"https:\/\/www.europesays.com\/de\/wp-json\/wp\/v2\/posts"}],"about":[{"href":"https:\/\/www.europesays.com\/de\/wp-json\/wp\/v2\/types\/post"}],"author":[{"embeddable":true,"href":"https:\/\/www.europesays.com\/de\/wp-json\/wp\/v2\/users\/2"}],"replies":[{"embeddable":true,"href":"https:\/\/www.europesays.com\/de\/wp-json\/wp\/v2\/comments?post=290383"}],"version-history":[{"count":0,"href":"https:\/\/www.europesays.com\/de\/wp-json\/wp\/v2\/posts\/290383\/revisions"}],"wp:featuredmedia":[{"embeddable":true,"href":"https:\/\/www.europesays.com\/de\/wp-json\/wp\/v2\/media\/290384"}],"wp:attachment":[{"href":"https:\/\/www.europesays.com\/de\/wp-json\/wp\/v2\/media?parent=290383"}],"wp:term":[{"taxonomy":"category","embeddable":true,"href":"https:\/\/www.europesays.com\/de\/wp-json\/wp\/v2\/categories?post=290383"},{"taxonomy":"post_tag","embeddable":true,"href":"https:\/\/www.europesays.com\/de\/wp-json\/wp\/v2\/tags?post=290383"}],"curies":[{"name":"wp","href":"https:\/\/api.w.org\/{rel}","templated":true}]}}