{"id":290425,"date":"2025-07-24T14:11:12","date_gmt":"2025-07-24T14:11:12","guid":{"rendered":"https:\/\/www.europesays.com\/de\/290425\/"},"modified":"2025-07-24T14:11:12","modified_gmt":"2025-07-24T14:11:12","slug":"frankfurt-verstaerkt-nahverkehr-mit-wasserstoff-gelenkbussen","status":"publish","type":"post","link":"https:\/\/www.europesays.com\/de\/290425\/","title":{"rendered":"Frankfurt verst\u00e4rkt Nahverkehr mit Wasserstoff-Gelenkbussen"},"content":{"rendered":"<p>Hohe Kosten <\/p>\n<p>Frankfurt setzt auf Wasserstoffbusse im Nahverkehr<\/p>\n<p>24.07.2025 &#8211; 15:41 UhrLesedauer: 1 Min.<\/p>\n<p><a href=\"#focus-0\" class=\"transition-colors duration-200 focus-within:text-magenta block text-current relative\" data-sctrack=\"FocusGalleryImage.Reference\"><img fetchpriority=\"high\" data-testid=\"Opener.Image\" style=\"--lqipURL:url('https:\/\/images.t-online.de\/2025\/07\/3235vjYUTo1X\/0x75:800x450\/fit-in\/150x0\/filters:blur(25)\/ein-wasserstoff-gelenkbus-archivfoto-viele-groessere-staedte-in-hessen-setzen-auf-klimafreundliche-technologien.jpg')\"   loading=\"eager\" src=\"https:\/\/www.europesays.com\/de\/wp-content\/uploads\/2025\/07\/ein-wasserstoff-gelenkbus-archivfoto-viele-groessere-staedte-in-hessen-setzen-auf-klimafreundliche-t.jpeg\" alt=\"urn:newsml:dpa.com:20090101:250724-911-008369\" title=\"urn:newsml:dpa.com:20090101:250724-911-008369\" width=\"800\" height=\"450\" class=\"bg-[url:var(--lqipURL)] bg-cover bg-center flex h-full w-full max-w-full\" decoding=\"async\"\/><img style=\"--width:32;--height:32\" loading=\"lazy\" src=\"https:\/\/frankfurt.t-online.de\/s\/paper\/_next\/static\/media\/zoom-in.f7dae02f.svg\" alt=\"Vergr\u00f6\u00dfern des Bildes\" title=\"Vergr\u00f6\u00dfern des Bildes\" class=\"block h-[calc(var(--height)_\/_16_*_1rem)] w-[calc(var(--width)_\/_16_*_1rem)] max-w-none absolute bottom-8 right-8 rounded-4 bg-snow p-8\" decoding=\"async\"\/><\/a><\/p>\n<p>Ein Wasserstoff-Gelenkbus (Archivfoto): Viele gr\u00f6\u00dfere St\u00e4dte in Hessen setzen auf klimafreundliche Technologien. (Quelle: Arne Dedert)<\/p>\n<p class=\"font-bold text-18 leading-17\">Frankfurt treibt die Umstellung auf emissionsfreie Antriebe im \u00f6ffentlichen Nahverkehr voran. Neue Wasserstoff-Gelenkbusse erg\u00e4nzen die Flotte elektrischer Busse.<\/p>\n<p class=\"text-18 leading-17\">In Frankfurt sind immer mehr Busse mit alternativem Antrieb unterwegs. Angefangen hat es mit batteriebetriebenen E-Bussen, 2022 folgten die ersten Wasserstoffbusse. Erstmals kommen nun auch Wasserstoff-Gelenkbusse hinzu. Diese seien laut der Nahverkehrsgesellschaft &#8222;traffiq&#8220; 18 Meter lang und sollen eine Reichweite von rund 350 Kilometern haben.<\/p>\n<p class=\"text-18 leading-17\">Etwa 20 Minuten w\u00fcrden sie an einer Wasserstofftankstelle zur Ladung brauchen. Mit den neun neuen Wasserstoff-Gelenkbussen steige die Zahl der lokal emissionsfreien Fahrzeuge im Fuhrpark auf 48 Fahrzeuge. Dazu z\u00e4hlen 32 Wasserstoff- und 16 Batteriebusse. Das entspreche mehr als 20 Prozent der rund 220 Fahrzeuge umfassenden Gesamtflotte. Bis Anfang der 2030er Jahre wolle man die gesamte Flotte auf alternative Antriebe umstellen.<\/p>\n<p class=\"text-18 leading-17\">Bei Wasserstoffbussen erzeugt Wasserstoff in der Brennstoffzelle den Strom. Sie sollen eine \u00e4hnliche Reichweite wie Dieselbusse bieten, jedoch ohne die lokalen Emissionen. Der Umstieg auf emissionsfreie Antriebe ist teuer. Laut &#8222;traffiq&#8220; w\u00fcrden hohe Kosten f\u00fcr Infrastruktur und Betrieb anfallen.<\/p>\n<p class=\"text-18 leading-17\">Auch andere hessische St\u00e4dte setzen vereinzelt auf Wasserstoffbusse. Nach Angaben des Verkehrsministeriums fahren sie auch in den Landkreisen Gro\u00df-Gerau, Darmstadt-Dieburg und Gie\u00dfen.<\/p>\n","protected":false},"excerpt":{"rendered":"Hohe Kosten Frankfurt setzt auf Wasserstoffbusse im Nahverkehr 24.07.2025 &#8211; 15:41 UhrLesedauer: 1 Min. Ein Wasserstoff-Gelenkbus (Archivfoto): Viele&hellip;\n","protected":false},"author":2,"featured_media":290426,"comment_status":"","ping_status":"","sticky":false,"template":"","format":"standard","meta":{"footnotes":""},"categories":[1829],"tags":[3092,51435,749,29,514,2050,2051,30,2052,4186,11490,85388],"class_list":{"0":"post-290425","1":"post","2":"type-post","3":"status-publish","4":"format-standard","5":"has-post-thumbnail","7":"category-frankfurt-am-main","8":"tag-3092","9":"tag-antrieb","10":"tag-archivfoto","11":"tag-deutschland","12":"tag-fahrzeug","13":"tag-frankfurt","14":"tag-frankfurt-am-main","15":"tag-germany","16":"tag-hessen","17":"tag-nahverkehr","18":"tag-umstellung","19":"tag-wasserstoffbus"},"share_on_mastodon":{"url":"https:\/\/pubeurope.com\/@de\/114908619575433227","error":""},"_links":{"self":[{"href":"https:\/\/www.europesays.com\/de\/wp-json\/wp\/v2\/posts\/290425","targetHints":{"allow":["GET"]}}],"collection":[{"href":"https:\/\/www.europesays.com\/de\/wp-json\/wp\/v2\/posts"}],"about":[{"href":"https:\/\/www.europesays.com\/de\/wp-json\/wp\/v2\/types\/post"}],"author":[{"embeddable":true,"href":"https:\/\/www.europesays.com\/de\/wp-json\/wp\/v2\/users\/2"}],"replies":[{"embeddable":true,"href":"https:\/\/www.europesays.com\/de\/wp-json\/wp\/v2\/comments?post=290425"}],"version-history":[{"count":0,"href":"https:\/\/www.europesays.com\/de\/wp-json\/wp\/v2\/posts\/290425\/revisions"}],"wp:featuredmedia":[{"embeddable":true,"href":"https:\/\/www.europesays.com\/de\/wp-json\/wp\/v2\/media\/290426"}],"wp:attachment":[{"href":"https:\/\/www.europesays.com\/de\/wp-json\/wp\/v2\/media?parent=290425"}],"wp:term":[{"taxonomy":"category","embeddable":true,"href":"https:\/\/www.europesays.com\/de\/wp-json\/wp\/v2\/categories?post=290425"},{"taxonomy":"post_tag","embeddable":true,"href":"https:\/\/www.europesays.com\/de\/wp-json\/wp\/v2\/tags?post=290425"}],"curies":[{"name":"wp","href":"https:\/\/api.w.org\/{rel}","templated":true}]}}