{"id":290828,"date":"2025-07-24T17:51:15","date_gmt":"2025-07-24T17:51:15","guid":{"rendered":"https:\/\/www.europesays.com\/de\/290828\/"},"modified":"2025-07-24T17:51:15","modified_gmt":"2025-07-24T17:51:15","slug":"lobby-skandal-um-kulturministerin-rachida-dati","status":"publish","type":"post","link":"https:\/\/www.europesays.com\/de\/290828\/","title":{"rendered":"Lobby-Skandal um Kulturministerin Rachida Dati"},"content":{"rendered":"<p class=\"Textstyled__Text-sc-1cqv9mi-0 cLyiiX\">Paris. Unschuldig sei sie, die Ermittlungsrichter h\u00e4tten schlecht gearbeitet, sie werde das beweisen und keinesfalls von ihren politischen \u00c4mtern zur\u00fccktreten. Die Selbstverteidigung von Rachida Dati im franz\u00f6sischen Fernsehen als Reaktion auf die Nachricht, dass sie wegen Korruptionsvorw\u00fcrfen vor Gericht muss, war so k\u00e4mpferisch wie vorhersehbar.<\/p>\n<p>Weiterlesen nach der Anzeige<\/p>\n<p>Weiterlesen nach der Anzeige<\/p>\n<p class=\"Textstyled__Text-sc-1cqv9mi-0 cLyiiX\">Die 59-J\u00e4hrige, eine der wichtigsten Figuren der franz\u00f6sischen Republikaner, ist als angriffslustig und hartn\u00e4ckig bekannt. Sie spricht schnell und in einem Ton, der keinen Widerspruch zul\u00e4sst.<\/p>\n<p><img decoding=\"async\" alt=\"\" loading=\"lazy\"  src=\"https:\/\/www.europesays.com\/de\/wp-content\/uploads\/2025\/07\/1753379475_597_L5BZYBQRYVBFBI4D7NT6XPMR6Y.png\" \/>Hauptstadt-Radar<\/p>\n<p class=\"CallToActionBasestyled__Text-sc-1k69918-5 fbjGwD\">Der RND-Newsletter aus dem Regierungsviertel. Immer donnerstags.<\/p>\n<p class=\"Textstyled__Text-sc-1cqv9mi-0 cLyiiX\">Als Studentin bombardierte sie einst M\u00e4nner in Machtpositionen, darunter auch ihren wichtigsten Mentor, den sp\u00e4teren Pr\u00e4sidenten Nicolas Sarkozy, mit Briefen, um f\u00fcr sie arbeiten zu k\u00f6nnen. Mit Erfolg: Die diplomierte Juristin legte eine steile politische Karriere hin, als Justizministerin unter Sarkozy, EU-Parlamentarierin und B\u00fcrgermeisterin des schicken siebten Arrondissements von Paris. Aktuell ist sie zudem Kulturministerin.<\/p>\n<p>Weiterlesen nach der Anzeige<\/p>\n<p>Weiterlesen nach der Anzeige<\/p>\n<p class=\"Textstyled__Text-sc-1cqv9mi-0 cLyiiX\">Diese Erfolge wie auch ihr Ruf stehen durch die Anklage auf dem Spiel. Dati wird vorgeworfen, in den Jahren 2010 bis 2012 in ihrer Zeit als EU-Abgeordnete verbotenerweise Lobbyarbeit f\u00fcr den Automobilkonzern Renault-Nissan betrieben und daf\u00fcr 900.000 Euro erhalten zu haben. Ihrem Vertrag nach sollte sie das Unternehmen als Anw\u00e4ltin bei Aktivit\u00e4ten in den Maghreb-Staaten unterst\u00fctzen.<\/p>\n<p>Flucht von Konzernchef l\u00f6st Anklagewelle aus<\/p>\n<p class=\"Textstyled__Text-sc-1cqv9mi-0 cLyiiX\">Der Anklageschrift zufolge war die von Dati kassierte Summe allerdings \u201eeinerseits disproportional und ungerechtfertigt, andererseits illegal\u201c. Die einzigen nachweisbaren Arbeitsleistungen h\u00e4tten in ihren Versuchen bestanden, Einfluss im Sinne ihres Auftraggebers auszu\u00fcben. <\/p>\n<p class=\"Textstyled__Text-sc-1cqv9mi-0 cLyiiX\">Ihre T\u00e4tigkeit f\u00fcr Renault-Nissan kam erst infolge der spektakul\u00e4ren Entlassung und Flucht des langj\u00e4hrigen Konzernchefs Carlos Ghosn ans Licht. Um der Anklage durch die japanische Justiz zu entgehen, lie\u00df er sich Ende 2019 in einem Koffer versteckt in den Libanon transportieren. Auch Ghosn, gegen den mehrere internationale Haftbefehle vorliegen, wird angeklagt.<\/p>\n<p>Vorw\u00fcrfe gegen Dati sind nicht neu<\/p>\n<p class=\"Textstyled__Text-sc-1cqv9mi-0 cLyiiX\">Es sind nicht die ersten Korruptions- und Lobbyvorw\u00fcrfe gegen Dati, die sich in ihrer Zeit im EU-Parlament auch vom Erdgasunternehmen GDF Suez bezahlt wurde und nachdr\u00fccklich f\u00fcr die Interessen der Gasindustrie eintrat. Bei der Transparenzbeh\u00f6rde gab sie au\u00dferdem Schmuck in H\u00f6he von 420.000 Euro nicht an, den sie von ihrem Ex-Lebenspartner Henri Proglio, dem einstigen Chef des Energiekonzerns EDF, erhalten haben soll. <\/p>\n<p>Weiterlesen nach der Anzeige<\/p>\n<p>Weiterlesen nach der Anzeige<\/p>\n<p class=\"Textstyled__Text-sc-1cqv9mi-0 cLyiiX\">Dar\u00fcber hinaus focht sie vor Gericht einen Streit um die Vaterschaft ihrer Tochter Zohra aus, seitdem muss ihr der Unternehmer Dominique Desseigne betr\u00e4chtliche Unterhaltszahlungen leisten. Im pers\u00f6nlichen Gespr\u00e4ch kann Dati zugleich durchaus liebensw\u00fcrdig, in jedem Fall humorvoll und dynamisch wirken.<\/p>\n<p>Dati erhielt R\u00fcckendeckung von Macron<\/p>\n<p class=\"Textstyled__Text-sc-1cqv9mi-0 cLyiiX\">Trotz des anstehenden Prozesses erhielt sie weiter Unterst\u00fctzung von Justizminister G\u00e9rald Darmanin und von Pr\u00e4sident Emmanuel Macron. Aufgrund der Unschuldsvermutung k\u00f6nne sie in der Regierung bleiben, lie\u00df Macron \u00fcber sein Umfeld streuen. <\/p>\n<p class=\"Textstyled__Text-sc-1cqv9mi-0 cLyiiX\">Bei der Regierungsumbildung im Januar 2024 galt es als wertvoller \u00dcberraschungs-Coup f\u00fcr ihn, die Republikanerin zu gewinnen. Dati verf\u00fcgt \u00fcber eine Aura als Politik-Promi und ist trotz ihrer provokanten, skrupellosen Art \u00fcber Parteigrenzen hinweg beliebt. Die Tochter eines Maurers aus Marokko und einer algerischen Hausfrau gilt als Verk\u00f6rperung des franz\u00f6sischen Aufstiegsversprechens. Aufgewachsen ist sie mit zehn Geschwistern in einfachen Verh\u00e4ltnissen in einer Vorstadt von Lyon, l\u00e4ngst aber lebt sie in einem der nobelsten Vierteln von Paris.<\/p>\n<p class=\"Textstyled__Text-sc-1cqv9mi-0 cLyiiX\">Insidern zufolge forderte sie als Gegenleistung f\u00fcr ihren Eintritt in die Regierung die Unterst\u00fctzung von Macrons Partei bei den Kommunalwahlen im M\u00e4rz 2026. Dann will Dati die sozialistische Oberb\u00fcrgermeisterin Anne Hidalgo, ihre langj\u00e4hrige Gegenspielerin, beerben, die nicht mehr kandidiert. Es ist unwahrscheinlich, dass ihr Prozess noch vor der Wahl stattfindet. <\/p>\n<p>Weiterlesen nach der Anzeige<\/p>\n<p>Weiterlesen nach der Anzeige<\/p>\n<p class=\"Textstyled__Text-sc-1cqv9mi-0 cLyiiX\">Doch das Verfahren wie auch Datis Umgang mit den Vorw\u00fcrfen geben ihren Gegnern Nahrung. \u201eEin Volksvertreter hat die Richter nicht anzugreifen\u201c, sagte Cl\u00e9ment Beaune, ebenfalls fr\u00fcher Minister unter Macron, der selbst Ambitionen auf das B\u00fcrgermeister-Amt hegt. \u201eWir sind nicht in den Vereinigten Staaten von Donald Trump, wir sind die Franz\u00f6sische Republik.\u201c<\/p>\n","protected":false},"excerpt":{"rendered":"Paris. Unschuldig sei sie, die Ermittlungsrichter h\u00e4tten schlecht gearbeitet, sie werde das beweisen und keinesfalls von ihren politischen&hellip;\n","protected":false},"author":2,"featured_media":290829,"comment_status":"","ping_status":"","sticky":false,"template":"","format":"standard","meta":{"footnotes":""},"categories":[3974],"tags":[331,332,548,663,3934,3980,156,13,14,15,12],"class_list":{"0":"post-290828","1":"post","2":"type-post","3":"status-publish","4":"format-standard","5":"has-post-thumbnail","7":"category-frankreich","8":"tag-aktuelle-nachrichten","9":"tag-aktuelle-news","10":"tag-eu","11":"tag-europa","12":"tag-europe","13":"tag-france","14":"tag-frankreich","15":"tag-headlines","16":"tag-nachrichten","17":"tag-news","18":"tag-schlagzeilen"},"share_on_mastodon":{"url":"https:\/\/pubeurope.com\/@de\/114909484407472699","error":""},"_links":{"self":[{"href":"https:\/\/www.europesays.com\/de\/wp-json\/wp\/v2\/posts\/290828","targetHints":{"allow":["GET"]}}],"collection":[{"href":"https:\/\/www.europesays.com\/de\/wp-json\/wp\/v2\/posts"}],"about":[{"href":"https:\/\/www.europesays.com\/de\/wp-json\/wp\/v2\/types\/post"}],"author":[{"embeddable":true,"href":"https:\/\/www.europesays.com\/de\/wp-json\/wp\/v2\/users\/2"}],"replies":[{"embeddable":true,"href":"https:\/\/www.europesays.com\/de\/wp-json\/wp\/v2\/comments?post=290828"}],"version-history":[{"count":0,"href":"https:\/\/www.europesays.com\/de\/wp-json\/wp\/v2\/posts\/290828\/revisions"}],"wp:featuredmedia":[{"embeddable":true,"href":"https:\/\/www.europesays.com\/de\/wp-json\/wp\/v2\/media\/290829"}],"wp:attachment":[{"href":"https:\/\/www.europesays.com\/de\/wp-json\/wp\/v2\/media?parent=290828"}],"wp:term":[{"taxonomy":"category","embeddable":true,"href":"https:\/\/www.europesays.com\/de\/wp-json\/wp\/v2\/categories?post=290828"},{"taxonomy":"post_tag","embeddable":true,"href":"https:\/\/www.europesays.com\/de\/wp-json\/wp\/v2\/tags?post=290828"}],"curies":[{"name":"wp","href":"https:\/\/api.w.org\/{rel}","templated":true}]}}