{"id":290874,"date":"2025-07-24T18:16:14","date_gmt":"2025-07-24T18:16:14","guid":{"rendered":"https:\/\/www.europesays.com\/de\/290874\/"},"modified":"2025-07-24T18:16:14","modified_gmt":"2025-07-24T18:16:14","slug":"trinkaus-karree-lockt-zweite-kanzlei-an","status":"publish","type":"post","link":"https:\/\/www.europesays.com\/de\/290874\/","title":{"rendered":"Trinkaus-Karree lockt zweite Kanzlei an"},"content":{"rendered":"<p class=\"text_ohne_einzug richtext text-em-55 !leading-serif mx-6 desktop:mx-0\"> Die <a href=\"https:\/\/rp-online.de\/thema\/koenigsallee\/\" rel=\"nofollow noopener\" target=\"_blank\">K\u00f6nigsallee<\/a> erweist sich erneut als die Top-Adresse f\u00fcr gro\u00dfe Anwaltskanzleien. Die Momeni-Gruppe hat rund 3300\u2005Quadratmeter B\u00fcrofl\u00e4che im Trinkaus Karree an die international renommierte Wirtschaftskanzlei Herbert Smith Freehills Kramer LLP vermietet. Dies ist bereits die zweite Kanzlei in dem Komplex. Schon vor zweieinhalb Jahren war bekannt geworden, dass sich die heute im Benrather Karree residierende Anwaltssoziet\u00e4t Hengeler Mueller rund 10.000\u2005Quadratmeter und damit mehr als die H\u00e4lfte der Mietfl\u00e4che in dem ehemaligen Bankgeb\u00e4ude gesichert hat. Kostenpflichtiger Inhalt <a href=\"https:\/\/rp-online.de\/nrw\/staedte\/duesseldorf\/duesseldorf-dieser-top-mieter-zieht-in-das-koe-projekt-le-coeur_aid-106569827\" target=\"_blank\" rel=\"nofollow noopener\">Auch im benachbarten \u201eLe Coeur\u201c haben Kanzleien unterschrieben, drei an der Zahl.<\/a><\/p>\n","protected":false},"excerpt":{"rendered":"Die K\u00f6nigsallee erweist sich erneut als die Top-Adresse f\u00fcr gro\u00dfe Anwaltskanzleien. Die Momeni-Gruppe hat rund 3300\u2005Quadratmeter B\u00fcrofl\u00e4che im&hellip;\n","protected":false},"author":2,"featured_media":290875,"comment_status":"","ping_status":"","sticky":false,"template":"","format":"standard","meta":{"footnotes":"","_share_on_mastodon":"0"},"categories":[1831],"tags":[85489,3364,29,3405,85486,30,40279,4737,45699,5896,48892,85485,85487,1209,36878,85484,85488],"class_list":["post-290874","post","type-post","status-publish","format-standard","has-post-thumbnail","category-duesseldorf","tag-anwaltskanzleien","tag-de","tag-deutschland","tag-duesseldorf","tag-freehills","tag-germany","tag-herbert","tag-kanzlei","tag-karree","tag-koenigsallee","tag-kramer","tag-llp","tag-momeni","tag-nordrhein-westfalen","tag-smith","tag-trinkaus","tag-wirtschaftskanzlei"],"share_on_mastodon":{"url":"https:\/\/pubeurope.com\/@de\/114909582859427380","error":""},"_links":{"self":[{"href":"https:\/\/www.europesays.com\/de\/wp-json\/wp\/v2\/posts\/290874","targetHints":{"allow":["GET"]}}],"collection":[{"href":"https:\/\/www.europesays.com\/de\/wp-json\/wp\/v2\/posts"}],"about":[{"href":"https:\/\/www.europesays.com\/de\/wp-json\/wp\/v2\/types\/post"}],"author":[{"embeddable":true,"href":"https:\/\/www.europesays.com\/de\/wp-json\/wp\/v2\/users\/2"}],"replies":[{"embeddable":true,"href":"https:\/\/www.europesays.com\/de\/wp-json\/wp\/v2\/comments?post=290874"}],"version-history":[{"count":0,"href":"https:\/\/www.europesays.com\/de\/wp-json\/wp\/v2\/posts\/290874\/revisions"}],"wp:featuredmedia":[{"embeddable":true,"href":"https:\/\/www.europesays.com\/de\/wp-json\/wp\/v2\/media\/290875"}],"wp:attachment":[{"href":"https:\/\/www.europesays.com\/de\/wp-json\/wp\/v2\/media?parent=290874"}],"wp:term":[{"taxonomy":"category","embeddable":true,"href":"https:\/\/www.europesays.com\/de\/wp-json\/wp\/v2\/categories?post=290874"},{"taxonomy":"post_tag","embeddable":true,"href":"https:\/\/www.europesays.com\/de\/wp-json\/wp\/v2\/tags?post=290874"}],"curies":[{"name":"wp","href":"https:\/\/api.w.org\/{rel}","templated":true}]}}