{"id":291510,"date":"2025-07-25T00:02:10","date_gmt":"2025-07-25T00:02:10","guid":{"rendered":"https:\/\/www.europesays.com\/de\/291510\/"},"modified":"2025-07-25T00:02:10","modified_gmt":"2025-07-25T00:02:10","slug":"erster-trailer-zu-amrum-von-fatih-akin","status":"publish","type":"post","link":"https:\/\/www.europesays.com\/de\/291510\/","title":{"rendered":"Erster Trailer zu Amrum von Fatih Akin"},"content":{"rendered":"<p>Hoffnungslose Schlachtfelder, Soldaten mit leeren Blicken und graue Ruinen: Das sind die vertrauten Bilder des Kriegsfilms. <a data-ga-on=\"click,auxclick,contextmenu\" data-ga-event-category=\"Article\" data-ga-event-action=\"Internal Link Text\" data-ga-event-label=\"Click\" title=\"Fatih Akin\" href=\"https:\/\/www.moviepilot.de\/people\/fatih-akin\" class=\"sc-6a922024-0 dZMhco mp_article_parsed_internal_link\" rel=\"nofollow noopener\" target=\"_blank\">Fatih Akin<\/a> (Der goldene Handschuh) n\u00e4hert sich den letzten Atemz\u00fcgen es Zweiten Weltkriegs aus einer anderen Perspektive. Der von ihm inszenierte <a data-ga-on=\"click,auxclick,contextmenu\" data-ga-event-category=\"Article\" data-ga-event-action=\"Internal Link Text\" data-ga-event-label=\"Click\" title=\"Amrum\" href=\"https:\/\/www.moviepilot.de\/movies\/amrum\" class=\"sc-6a922024-0 dZMhco mp_article_parsed_internal_link\" rel=\"nofollow noopener\" target=\"_blank\">Amrum<\/a> spielt vor der <b>Strandkulisse der titelgebenden Insel<\/b>. <\/p>\n<p>Nachdem der Film im Mai bei den <a data-ga-on=\"click,auxclick,contextmenu\" data-ga-event-category=\"Article\" data-ga-event-action=\"Internal Link Text\" data-ga-event-label=\"Click\" href=\"https:\/\/www.moviepilot.de\/thema\/festival-cannes\" class=\"sc-6a922024-0 dZMhco mp_article_parsed_internal_link\" rel=\"nofollow noopener\" target=\"_blank\">Filmfestspielen von Cannes<\/a> seine Premiere gefeiert hat, k\u00fcndigt sich nun der deutsche Kinostart an. Noch vor Ende des Jahres erobert Akins j\u00fcngstes Werk die gro\u00dfe Leinwand. Was da genau f\u00fcr ein Film auf uns zukommt, verr\u00e4t der erste Trailer, der soeben von Warner Bros. ver\u00f6ffentlicht wurde. <\/p>\n<p>Erster Trailer zu Fatih Akins Kriegsdrama Amrum<\/p>\n<p>Amrum &#8211; Trailer (Deutsch) HD<\/p>\n<p><img loading=\"lazy\" decoding=\"async\" src=\"https:\/\/www.moviepilot.de\/_next\/static\/3865e41c7a47cd108203a6aa13dffcdd.svg\" alt=\"Abspielen\" width=\"70\" height=\"70\" class=\"sc-ac06d289-7 kEYBiK\"\/><\/p>\n<p>Der Amrum-Trailer f\u00fchrt uns \u00fcber verlassene Str\u00e4nde, gr\u00fcne Wiesen und hinein in dunkle H\u00e4user, in denen gro\u00dfe Ungewissheit herrscht, wie das Leben weitergeht. Die unheilvollen Ger\u00e4usche des Krieges sind nur in weiter Entfernung zu vernehmen \u2013<\/p>\n<p> ihre Auswirkungen aber <b>bis auf den K\u00fcchentisch sp\u00fcrbar<\/b>, wo es kein Wei\u00dfbrot mehr gibt. <\/p>\n<p>Amrum entfaltet sich als eine Mischung aus Kriegsfilm, Familiendrama und Coming-of-Age-Geschichte. In der Synopse wird die Handlung des Films wie folgt umschrieben: <\/p>\n<blockquote class=\"sc-7f97975-0 geHxYT\"><p>Kurz vor Kriegsende glaubt die dreifache Mutter Hille (Laura Tonke) noch immer fest an den Endsieg. Auch auf Amrum ist das Leben zu der Zeit alles andere als leicht. Ihr zw\u00f6lfj\u00e4hriger Sohn Nanning (Jasper Billerbeck) ackert jeden Tag mit seinem besten Freund Hermann (Kian K\u00f6ppke) auf den Feldern der B\u00e4uerin Tessa (Diane Kruger), w\u00e4hrend \u00fcber ihren K\u00f6pfen die alliierten Bomber Richtung deutsches Festland fliegen, um den Feind endg\u00fcltig in die Knie zu zwingen. Wer \u00fcberleben will, f\u00fcr die Familie sorgen will, muss anpacken.<\/p><\/blockquote>\n<p>Spannend ist bei Amrum nicht nur die Geschichte, die der Film erz\u00e4hlt, sondern auch der <b>Hintergrund seiner Entstehung<\/b>. Urspr\u00fcnglich wollte der Schauspieler und Filmemacher <a data-ga-on=\"click,auxclick,contextmenu\" data-ga-event-category=\"Article\" data-ga-event-action=\"Internal Link Text\" data-ga-event-label=\"Click\" title=\"Hark Bohm\" href=\"https:\/\/www.moviepilot.de\/people\/hark-bohm\" class=\"sc-6a922024-0 dZMhco mp_article_parsed_internal_link\" rel=\"nofollow noopener\" target=\"_blank\">Hark Bohm<\/a> das Projekt als seine letzte Regiearbeit umsetzen. Nicht zuletzt weist der Film autobiografische Z\u00fcge auf und basiert auf seinen Kindheitserinnerungen.<\/p>\n<p>Nun hat jedoch <a data-ga-on=\"click,auxclick,contextmenu\" data-ga-event-category=\"Article\" data-ga-event-action=\"Internal Link Text\" data-ga-event-label=\"Click\" title=\"Fatih Akin\" href=\"https:\/\/www.moviepilot.de\/people\/fatih-akin\" class=\"sc-6a922024-0 dZMhco mp_article_parsed_internal_link\" rel=\"nofollow noopener\" target=\"_blank\">Fatih Akin<\/a> f\u00fcr seinen langj\u00e4hrigen Freund und Mentor die Inszenierung \u00fcbernommen. Bohm steht trotzdem gemeinsam mit Akin als Drehbuchautor im Abspann und taucht als alter Mann am Meer vor der Kamera auf. <\/p>\n<p>Wann startet Hark Bohms und Fatih Akins Amrum im Kino?<\/p>\n<p>Nach der Cannes-Premiere m\u00fcssen wir uns noch ein bisschen gedulden, bis Amrum in den deutschen Kinos anl\u00e4uft. Ab dem <b>9. Oktober 2025<\/b> k\u00f6nnt ihr ein Ticket f\u00fcr das Kriegsdrama l\u00f6sen. Neben <\/p>\n<p>Jasper Billerbeck, Laura Tonke, Kian K\u00f6ppke und Diane Kruger geh\u00f6ren Lars Jessen, <\/p>\n<p>Lisa Hagmeister, Detlev Buck und Matthias Schweigh\u00f6fer zum Cast.<\/p>\n","protected":false},"excerpt":{"rendered":"Hoffnungslose Schlachtfelder, Soldaten mit leeren Blicken und graue Ruinen: Das sind die vertrauten Bilder des Kriegsfilms. Fatih Akin&hellip;\n","protected":false},"author":2,"featured_media":291511,"comment_status":"","ping_status":"","sticky":false,"template":"","format":"standard","meta":{"footnotes":"","_share_on_mastodon":"0"},"categories":[1771],"tags":[85633,16967,59708,1778,85632,29,20122,214,30,49084,16731,95,53518,1777,85634,52119,53519,215,2657],"class_list":["post-291510","post","type-post","status-publish","format-standard","has-post-thumbnail","category-kino","tag-1940er-jahre","tag-16967","tag-beruehrend","tag-cinema","tag-coming-of-age-film","tag-deutschland","tag-drama","tag-entertainment","tag-germany","tag-historienfilm","tag-junge","tag-kino","tag-kriegsfilm","tag-movie","tag-mutter-sohn-beziehung","tag-sky-deutschland","tag-traurig","tag-unterhaltung","tag-zweiter-weltkrieg"],"share_on_mastodon":{"url":"https:\/\/pubeurope.com\/@de\/114910943319309450","error":""},"_links":{"self":[{"href":"https:\/\/www.europesays.com\/de\/wp-json\/wp\/v2\/posts\/291510","targetHints":{"allow":["GET"]}}],"collection":[{"href":"https:\/\/www.europesays.com\/de\/wp-json\/wp\/v2\/posts"}],"about":[{"href":"https:\/\/www.europesays.com\/de\/wp-json\/wp\/v2\/types\/post"}],"author":[{"embeddable":true,"href":"https:\/\/www.europesays.com\/de\/wp-json\/wp\/v2\/users\/2"}],"replies":[{"embeddable":true,"href":"https:\/\/www.europesays.com\/de\/wp-json\/wp\/v2\/comments?post=291510"}],"version-history":[{"count":0,"href":"https:\/\/www.europesays.com\/de\/wp-json\/wp\/v2\/posts\/291510\/revisions"}],"wp:featuredmedia":[{"embeddable":true,"href":"https:\/\/www.europesays.com\/de\/wp-json\/wp\/v2\/media\/291511"}],"wp:attachment":[{"href":"https:\/\/www.europesays.com\/de\/wp-json\/wp\/v2\/media?parent=291510"}],"wp:term":[{"taxonomy":"category","embeddable":true,"href":"https:\/\/www.europesays.com\/de\/wp-json\/wp\/v2\/categories?post=291510"},{"taxonomy":"post_tag","embeddable":true,"href":"https:\/\/www.europesays.com\/de\/wp-json\/wp\/v2\/tags?post=291510"}],"curies":[{"name":"wp","href":"https:\/\/api.w.org\/{rel}","templated":true}]}}