{"id":291623,"date":"2025-07-25T01:03:14","date_gmt":"2025-07-25T01:03:14","guid":{"rendered":"https:\/\/www.europesays.com\/de\/291623\/"},"modified":"2025-07-25T01:03:14","modified_gmt":"2025-07-25T01:03:14","slug":"schlaegerei-in-heumaden-15-jaehriger-von-gruppe-verpruegelt","status":"publish","type":"post","link":"https:\/\/www.europesays.com\/de\/291623\/","title":{"rendered":"Schl\u00e4gerei in Heumaden: 15-J\u00e4hriger von Gruppe verpr\u00fcgelt"},"content":{"rendered":"<p>Mit schweren Verletzungen liegt <a href=\"https:\/\/www.stuttgarter-zeitung.de\/inhalt.stuttgart-heumaden-jugendliche-schlagen-vor-grundschule-auf-15-jaehrigen-ein.b7fef4b8-1c32-4460-b965-fa9b38226607.html\" target=\"_blank\" rel=\"nofollow noopener\">ein 15-J\u00e4hriger aus Heumaden<\/a> im Krankenhaus. Dass der <a href=\"https:\/\/www.stuttgarter-zeitung.de\/thema\/Jugendliche\" title=\"Jugendliche\" class=\"art_thema\" rel=\"nofollow noopener\" target=\"_blank\">Jugendliche<\/a> in dem eher ruhigen Stadtteil von einer Gruppe Jugendlicher so \u00fcbel zugerichtet wurde, w\u00fcrde reichen, um die Anwohnerinnen und Anwohner zu beunruhigen. Aber es kommt noch mehr dazu: Der 15-J\u00e4hrige wurde am helllichten Tag, am Mittwoch gegen 11.45 Uhr attackiert. Und dann auch noch direkt gegen\u00fcber einer Grundschule. <\/p>\n<p>Die Schule informiert die Eltern der Grundschulkinder <\/p>\n<p>Der \u00dcberfall geschah auf einem Fu\u00dfweg zwischen der Stra\u00dfe Lange Morgen, an der die Schule liegt, und dem Theodor-Sch\u00f6pfer-Weg. Die Schule hat den Eltern geschrieben. \u201eEs war kein Vorfall an der Schule\u201c, betont die Schulleiterin in dem Brief. Drei Mitarbeitende der Grundschule <a href=\"https:\/\/www.stuttgarter-zeitung.de\/inhalt.parkplatznot-in-stuttgart-in-heumaden-steht-ein-einsamer-jaguar.684e01d5-d4ba-4b88-8900-53866bceaea7.html\" target=\"_blank\" rel=\"nofollow noopener\">in Heumaden<\/a> h\u00e4tten dem Opfer geholfen. Der Einsatz von <a href=\"https:\/\/www.stuttgarter-zeitung.de\/thema\/Polizei\" title=\"Polizei\" class=\"art_thema\" rel=\"nofollow noopener\" target=\"_blank\">Polizei<\/a> und Rettungsdienst sei nicht unbemerkt geblieben in der Sch\u00fclerschaft. Deswegen wollte die Schule die Eltern informieren, damit diese mit ihrem Nachwuchs dar\u00fcber sprechen k\u00f6nnen. Zudem solle man sich melden, sobald man Zeugin oder Zeuge des Vorfalls geworden sei. <\/p>\n<p>  <img decoding=\"async\" loading=\"lazy\" src=\"https:\/\/www.europesays.com\/de\/wp-content\/uploads\/2025\/07\/media.media.d01d4d6d-ee8d-4db9-856a-bf8c768fa971.original1024.media.jpeg\"\/>     Die Kriminalpolizei sucht Zeugen des \u00dcberfalls.    Foto: Marijan Murat\/dpa (Symbolbild)    <\/p>\n<p>Laut der Polizei waren es mindestens <a href=\"https:\/\/www.stuttgarter-zeitung.de\/inhalt.jugendkriminalitaet-in-stuttgart-zweites-haus-des-jugendrechts-eine-stuttgarter-idee-waechst.29a38de6-1404-4544-b4d5-3f82adc56bb9.html\" target=\"_blank\" rel=\"nofollow noopener\">acht Jugendliche<\/a>, die den 15-J\u00e4hrigen aus Heumaden angriffen. Ob sie ebenfalls aus dem Ort kommen oder von woanders, wisse man noch nicht, sagt ein Sprecher der Polizei. Auch das Motiv sei noch nicht klar. Im Ort geistern Ger\u00fcchte umher, es gehe um eine Beziehung zu einer Jugendlichen. Auch dazu sagt die Polizei noch nichts. Dass der Angriff keinen Bezug zur Schule habe, sondern eben nur in der N\u00e4he stattfand, das best\u00e4tigt die Polizei. <\/p>\n<p>Zeuginnen und Zeugen, die den Angriff in Heumaden beobachtet haben oder die Jugendlichen fl\u00fcchten sahen, werden gebeten, sich unter 0711\/8990 5778 bei der Kriminalpolizei zu melden. Der Fall wird im Haus des Jugendrechts bearbeitet. <\/p>\n","protected":false},"excerpt":{"rendered":"Mit schweren Verletzungen liegt ein 15-J\u00e4hriger aus Heumaden im Krankenhaus. Dass der Jugendliche in dem eher ruhigen Stadtteil&hellip;\n","protected":false},"author":2,"featured_media":291624,"comment_status":"","ping_status":"","sticky":false,"template":"","format":"standard","meta":{"footnotes":"","_share_on_mastodon":"0"},"categories":[1830],"tags":[1634,3364,29,30,66846,1722,121,8248,6317,4651,1441,85665],"class_list":["post-291623","post","type-post","status-publish","format-standard","has-post-thumbnail","category-stuttgart","tag-baden-wuerttemberg","tag-de","tag-deutschland","tag-germany","tag-grundschul","tag-jugendliche","tag-polizei","tag-polizeibericht-stuttgart","tag-pruegelei","tag-schlaegerei","tag-stuttgart","tag-stuttgart-heumaden"],"share_on_mastodon":{"url":"https:\/\/pubeurope.com\/@de\/114911183192802450","error":""},"_links":{"self":[{"href":"https:\/\/www.europesays.com\/de\/wp-json\/wp\/v2\/posts\/291623","targetHints":{"allow":["GET"]}}],"collection":[{"href":"https:\/\/www.europesays.com\/de\/wp-json\/wp\/v2\/posts"}],"about":[{"href":"https:\/\/www.europesays.com\/de\/wp-json\/wp\/v2\/types\/post"}],"author":[{"embeddable":true,"href":"https:\/\/www.europesays.com\/de\/wp-json\/wp\/v2\/users\/2"}],"replies":[{"embeddable":true,"href":"https:\/\/www.europesays.com\/de\/wp-json\/wp\/v2\/comments?post=291623"}],"version-history":[{"count":0,"href":"https:\/\/www.europesays.com\/de\/wp-json\/wp\/v2\/posts\/291623\/revisions"}],"wp:featuredmedia":[{"embeddable":true,"href":"https:\/\/www.europesays.com\/de\/wp-json\/wp\/v2\/media\/291624"}],"wp:attachment":[{"href":"https:\/\/www.europesays.com\/de\/wp-json\/wp\/v2\/media?parent=291623"}],"wp:term":[{"taxonomy":"category","embeddable":true,"href":"https:\/\/www.europesays.com\/de\/wp-json\/wp\/v2\/categories?post=291623"},{"taxonomy":"post_tag","embeddable":true,"href":"https:\/\/www.europesays.com\/de\/wp-json\/wp\/v2\/tags?post=291623"}],"curies":[{"name":"wp","href":"https:\/\/api.w.org\/{rel}","templated":true}]}}