{"id":291714,"date":"2025-07-25T01:52:39","date_gmt":"2025-07-25T01:52:39","guid":{"rendered":"https:\/\/www.europesays.com\/de\/291714\/"},"modified":"2025-07-25T01:52:39","modified_gmt":"2025-07-25T01:52:39","slug":"hubschrauber-in-gelsenkirchen-einbrecher-festgenommen","status":"publish","type":"post","link":"https:\/\/www.europesays.com\/de\/291714\/","title":{"rendered":"Hubschrauber in Gelsenkirchen: Einbrecher festgenommen"},"content":{"rendered":"<p class=\"small date article__date\">Ver\u00f6ffentlicht:\u00a0Donnerstag, 24.07.2025 12:04<\/p>\n<p>In der Nacht wurden einige von euch in Bulmke-H\u00fcllen von einem Polizeihubschrauber aufgeschreckt. Die Besatzung wurde bei ihrem Einsatz von einem Laser gest\u00f6rt. <\/p>\n<p><img decoding=\"async\" alt=\"\" src=\"https:\/\/www.europesays.com\/de\/wp-content\/uploads\/2025\/07\/fotolia_996564_s_copyright.jpg&#038;crop=0x37x849x531&#038;resize=849x531&#038;dt=201907081101580.jpeg\" data-size=\"849x531\"\/>\u00a9 Bobo &#8211; Fotolia<\/p>\n<ul>\n<li><strong>Polizisten entdeckte frische Einbruchsspuren<\/strong><\/li>\n<li><strong>Hubschrauber suchte aus der Luft nach Mitt\u00e4tern<\/strong><\/li>\n<\/ul>\n<p>Ein Einbruch in eine Gelsenkirchener Kleingartenanlage hat in der Nacht vermutlich auch einige von euch um den Schlaf gebracht. Gegen halb Zw\u00f6lf meldeten Zeugen aus der Anlage an der Plutostra\u00dfe in Bulmke-H\u00fcllen verd\u00e4chtige Ger\u00e4usche. Eine Streifenwagenbesatzung der Gelsenkirchener Polizei fand dort tats\u00e4chlich frische Einbruchsspuren. Direkt im Umfeld konnten die Beamten einen 28-J\u00e4hrigen festnehmen, der verd\u00e4chtige Gegenst\u00e4nde dabei hatte. <\/p>\n<p>Um m\u00f6gliche Mitt\u00e4ter zu finden, setzte die Polizei auch einen Hubschrauber ein, der l\u00e4nge Zeit \u00fcber Bulmke-H\u00fcllen unterwegs war &#8211; und auch einige von euch aufgeschreckt hat. W\u00e4hrend der Suche wurde die Hubschrauberbesatzung vom Boden aus mit einem Laser geblendet. Die Beamten in der Luft lotsen einen Streifenwagen zu der Stelle. Dort fanden die Polizisten zwei junge M\u00e4nner aus Gelsenkirchen, die aber mit dem Einbruch nichts zu tun hatten. Gegen sie wird jetzt wegen gef\u00e4hrlichen Eingriffs in den Luftverkehr ermittelt.\u00a0<\/p>\n","protected":false},"excerpt":{"rendered":"Ver\u00f6ffentlicht:\u00a0Donnerstag, 24.07.2025 12:04 In der Nacht wurden einige von euch in Bulmke-H\u00fcllen von einem Polizeihubschrauber aufgeschreckt. Die Besatzung&hellip;\n","protected":false},"author":2,"featured_media":291715,"comment_status":"","ping_status":"","sticky":false,"template":"","format":"standard","meta":{"footnotes":""},"categories":[1839],"tags":[74837,7507,3364,29,30,2954,1209,121],"class_list":{"0":"post-291714","1":"post","2":"type-post","3":"status-publish","4":"format-standard","5":"has-post-thumbnail","7":"category-bochum","8":"tag-bulmke-hllen","9":"tag-bochum","10":"tag-de","11":"tag-deutschland","12":"tag-germany","13":"tag-hubschrauber","14":"tag-nordrhein-westfalen","15":"tag-polizei"},"share_on_mastodon":{"url":"https:\/\/pubeurope.com\/@de\/114911375787762008","error":""},"_links":{"self":[{"href":"https:\/\/www.europesays.com\/de\/wp-json\/wp\/v2\/posts\/291714","targetHints":{"allow":["GET"]}}],"collection":[{"href":"https:\/\/www.europesays.com\/de\/wp-json\/wp\/v2\/posts"}],"about":[{"href":"https:\/\/www.europesays.com\/de\/wp-json\/wp\/v2\/types\/post"}],"author":[{"embeddable":true,"href":"https:\/\/www.europesays.com\/de\/wp-json\/wp\/v2\/users\/2"}],"replies":[{"embeddable":true,"href":"https:\/\/www.europesays.com\/de\/wp-json\/wp\/v2\/comments?post=291714"}],"version-history":[{"count":0,"href":"https:\/\/www.europesays.com\/de\/wp-json\/wp\/v2\/posts\/291714\/revisions"}],"wp:featuredmedia":[{"embeddable":true,"href":"https:\/\/www.europesays.com\/de\/wp-json\/wp\/v2\/media\/291715"}],"wp:attachment":[{"href":"https:\/\/www.europesays.com\/de\/wp-json\/wp\/v2\/media?parent=291714"}],"wp:term":[{"taxonomy":"category","embeddable":true,"href":"https:\/\/www.europesays.com\/de\/wp-json\/wp\/v2\/categories?post=291714"},{"taxonomy":"post_tag","embeddable":true,"href":"https:\/\/www.europesays.com\/de\/wp-json\/wp\/v2\/tags?post=291714"}],"curies":[{"name":"wp","href":"https:\/\/api.w.org\/{rel}","templated":true}]}}