{"id":291720,"date":"2025-07-25T01:55:10","date_gmt":"2025-07-25T01:55:10","guid":{"rendered":"https:\/\/www.europesays.com\/de\/291720\/"},"modified":"2025-07-25T01:55:10","modified_gmt":"2025-07-25T01:55:10","slug":"ukraine-und-russland-verhandeln-theater-fuer-eine-person-und-diese-person-ist-trump","status":"publish","type":"post","link":"https:\/\/www.europesays.com\/de\/291720\/","title":{"rendered":"Ukraine und Russland verhandeln: &#8222;Theater f\u00fcr eine Person, und diese Person ist Trump&#8220;"},"content":{"rendered":"<p>          24.07.2025 08:15 Uhr \u2013  03:31 min<\/p>\n<p>              Ukraine und Russland verhandeln<br \/>\n              &#8222;Theater f\u00fcr eine Person, und diese Person ist Trump&#8220;<\/p>\n<p>\n              Dass die aktuellen Gespr\u00e4che zwischen Russland und der Ukraine zu einem wirklichen Waffenstillstand f\u00fchren, daran glaubt laut ntv-Korrespondent Rainer Munz niemand. Bei dem Format gehe es vor allem um Au\u00dfenwirkung mit Blick auf die USA.<\/p>\n","protected":false},"excerpt":{"rendered":"24.07.2025 08:15 Uhr \u2013 03:31 min Ukraine und Russland verhandeln &#8222;Theater f\u00fcr eine Person, und diese Person ist&hellip;\n","protected":false},"author":2,"featured_media":291721,"comment_status":"","ping_status":"","sticky":false,"template":"","format":"standard","meta":{"footnotes":""},"categories":[4012],"tags":[331,332,661,36235,18799,13,14,15,307,1155,12,317,580,306,107],"class_list":{"0":"post-291720","1":"post","2":"type-post","3":"status-publish","4":"format-standard","5":"has-post-thumbnail","7":"category-ukraine","8":"tag-aktuelle-nachrichten","9":"tag-aktuelle-news","10":"tag-angriff-auf-die-ukraine","11":"tag-donbass","12":"tag-friedensgespraeche","13":"tag-headlines","14":"tag-nachrichten","15":"tag-news","16":"tag-russland","17":"tag-sanktionen","18":"tag-schlagzeilen","19":"tag-ukraine","20":"tag-waffenruhe","21":"tag-wladimir-putin","22":"tag-wolodymyr-selenskyj"},"share_on_mastodon":{"url":"https:\/\/pubeurope.com\/@de\/114911387592046568","error":""},"_links":{"self":[{"href":"https:\/\/www.europesays.com\/de\/wp-json\/wp\/v2\/posts\/291720","targetHints":{"allow":["GET"]}}],"collection":[{"href":"https:\/\/www.europesays.com\/de\/wp-json\/wp\/v2\/posts"}],"about":[{"href":"https:\/\/www.europesays.com\/de\/wp-json\/wp\/v2\/types\/post"}],"author":[{"embeddable":true,"href":"https:\/\/www.europesays.com\/de\/wp-json\/wp\/v2\/users\/2"}],"replies":[{"embeddable":true,"href":"https:\/\/www.europesays.com\/de\/wp-json\/wp\/v2\/comments?post=291720"}],"version-history":[{"count":0,"href":"https:\/\/www.europesays.com\/de\/wp-json\/wp\/v2\/posts\/291720\/revisions"}],"wp:featuredmedia":[{"embeddable":true,"href":"https:\/\/www.europesays.com\/de\/wp-json\/wp\/v2\/media\/291721"}],"wp:attachment":[{"href":"https:\/\/www.europesays.com\/de\/wp-json\/wp\/v2\/media?parent=291720"}],"wp:term":[{"taxonomy":"category","embeddable":true,"href":"https:\/\/www.europesays.com\/de\/wp-json\/wp\/v2\/categories?post=291720"},{"taxonomy":"post_tag","embeddable":true,"href":"https:\/\/www.europesays.com\/de\/wp-json\/wp\/v2\/tags?post=291720"}],"curies":[{"name":"wp","href":"https:\/\/api.w.org\/{rel}","templated":true}]}}