{"id":291731,"date":"2025-07-25T02:01:15","date_gmt":"2025-07-25T02:01:15","guid":{"rendered":"https:\/\/www.europesays.com\/de\/291731\/"},"modified":"2025-07-25T02:01:15","modified_gmt":"2025-07-25T02:01:15","slug":"china-und-eu-sollten-offenheit-und-zusammenarbeit-wahren-und-differenzen-angemessen-bewaeltigen-xi-xinhua","status":"publish","type":"post","link":"https:\/\/www.europesays.com\/de\/291731\/","title":{"rendered":"China und EU sollten Offenheit und Zusammenarbeit wahren und Differenzen angemessen bew\u00e4ltigen: Xi &#8211; Xinhua"},"content":{"rendered":"<p><img decoding=\"async\" style=\"display: block; margin-left: auto; margin-right: auto;\" src=\"https:\/\/www.europesays.com\/de\/wp-content\/uploads\/2025\/07\/2025072509f68ec9897b4cf79edfcad3e78ad8cc_2025072533f23c8f7de9442984cc4b324eac7b9d.jpg\" data-material-id=\"2025072504004873\" data-name=\"2025072533f23c8f7de9442984cc4b324eac7b9d.jpg\"\/><\/p>\n<p>BEIJING, 24. Juli (Xinhua) &#8212; Der chinesische Staatspr\u00e4sident Xi Jinping sagte am Donnerstag, dass China und die Europ\u00e4ische Union (EU) Offenheit und Zusammenarbeit wahren und Differenzen angemessen bew\u00e4ltigen sollten.<\/p>\n<p>Xi \u00e4u\u00dferte sich entsprechend bei einem Treffen mit dem Pr\u00e4sidenten des Europ\u00e4ischen Rates, Ant\u00f3nio Costa, und der Pr\u00e4sidentin der Europ\u00e4ischen Kommission, Ursula von der Leyen, die zum 25. China-EU-Gipfel in Beijing angereist sind.<\/p>\n<p>Die Geschichte und die Realit\u00e4t h\u00e4tten gezeigt, dass gegenseitige Abh\u00e4ngigkeit kein Risiko sei und gemeinsame Interessen keine Bedrohung seien, betonte Xi und wies darauf hin, dass die Steigerung der Wettbewerbsf\u00e4higkeit nicht durch den Bau von Mauern oder Barrieren erreicht werden k\u00f6nne, da Entkopplung und Unterbrechung der Lieferketten nur zu einer Selbstisolierung f\u00fchren w\u00fcrden.<\/p>\n<p>Xi sagte, dass eine \u201eVerringerung der Abh\u00e4ngigkeit\u201c nicht zu einer Verringerung der Zusammenarbeit zwischen China und der EU f\u00fchren sollte. Die bilateralen Wirtschafts- und Handelsbeziehungen, die von Natur aus komplement\u00e4r und f\u00fcr beide Seiten vorteilhaft seien, k\u00f6nnten tats\u00e4chlich durch Entwicklung ein dynamisches Gleichgewicht erreichen, sagte er.<\/p>\n<p>Chinas qualitativ hochwertige Entwicklung und \u00d6ffnung w\u00fcrden neue Chancen und Potenziale f\u00fcr die Zusammenarbeit zwischen China und der EU bieten, erkl\u00e4rte Xi und forderte beide Seiten auf, die gr\u00fcne und digitale Partnerschaft zu st\u00e4rken und gegenseitige Investitionen und Zusammenarbeit zu f\u00f6rdern.<\/p>\n<p>Es sei zu hoffen, dass die EU in Bezug auf ihren Handels- und Investitionsmarkt offen bleiben, von restriktiven wirtschaftlichen und handelspolitischen Instrumenten Abstand nehmen und ein solides Gesch\u00e4ftsumfeld f\u00fcr in der EU investierende und t\u00e4tige chinesische Unternehmen schaffen k\u00f6nne, betonte Xi.<\/p>\n<p>(gem\u00e4\u00df der Nachrichtenagentur Xinhua)<\/p>\n","protected":false},"excerpt":{"rendered":"BEIJING, 24. Juli (Xinhua) &#8212; Der chinesische Staatspr\u00e4sident Xi Jinping sagte am Donnerstag, dass China und die Europ\u00e4ische&hellip;\n","protected":false},"author":2,"featured_media":291732,"comment_status":"","ping_status":"","sticky":false,"template":"","format":"standard","meta":{"footnotes":""},"categories":[3933],"tags":[331,332,16093,548,663,158,3934,3935,13,14,15,16,12,10257],"class_list":{"0":"post-291731","1":"post","2":"type-post","3":"status-publish","4":"format-standard","5":"has-post-thumbnail","7":"category-eu","8":"tag-aktuelle-nachrichten","9":"tag-aktuelle-news","10":"tag-china-und-welt","11":"tag-eu","12":"tag-europa","13":"tag-europaeische-union","14":"tag-europe","15":"tag-european-union","16":"tag-headlines","17":"tag-nachrichten","18":"tag-news","19":"tag-politik","20":"tag-schlagzeilen","21":"tag-xi-jinping"},"share_on_mastodon":{"url":"https:\/\/pubeurope.com\/@de\/114911411323638018","error":""},"_links":{"self":[{"href":"https:\/\/www.europesays.com\/de\/wp-json\/wp\/v2\/posts\/291731","targetHints":{"allow":["GET"]}}],"collection":[{"href":"https:\/\/www.europesays.com\/de\/wp-json\/wp\/v2\/posts"}],"about":[{"href":"https:\/\/www.europesays.com\/de\/wp-json\/wp\/v2\/types\/post"}],"author":[{"embeddable":true,"href":"https:\/\/www.europesays.com\/de\/wp-json\/wp\/v2\/users\/2"}],"replies":[{"embeddable":true,"href":"https:\/\/www.europesays.com\/de\/wp-json\/wp\/v2\/comments?post=291731"}],"version-history":[{"count":0,"href":"https:\/\/www.europesays.com\/de\/wp-json\/wp\/v2\/posts\/291731\/revisions"}],"wp:featuredmedia":[{"embeddable":true,"href":"https:\/\/www.europesays.com\/de\/wp-json\/wp\/v2\/media\/291732"}],"wp:attachment":[{"href":"https:\/\/www.europesays.com\/de\/wp-json\/wp\/v2\/media?parent=291731"}],"wp:term":[{"taxonomy":"category","embeddable":true,"href":"https:\/\/www.europesays.com\/de\/wp-json\/wp\/v2\/categories?post=291731"},{"taxonomy":"post_tag","embeddable":true,"href":"https:\/\/www.europesays.com\/de\/wp-json\/wp\/v2\/tags?post=291731"}],"curies":[{"name":"wp","href":"https:\/\/api.w.org\/{rel}","templated":true}]}}