{"id":291754,"date":"2025-07-25T02:15:21","date_gmt":"2025-07-25T02:15:21","guid":{"rendered":"https:\/\/www.europesays.com\/de\/291754\/"},"modified":"2025-07-25T02:15:21","modified_gmt":"2025-07-25T02:15:21","slug":"niedersachsen-bremen-stadtbahn-kollidiert-mit-pkw-vier-schwerverletzte","status":"publish","type":"post","link":"https:\/\/www.europesays.com\/de\/291754\/","title":{"rendered":"Niedersachsen &#038; Bremen: Stadtbahn kollidiert mit Pkw &#8211; Vier Schwerverletzte"},"content":{"rendered":"<p>                    Niedersachsen &amp; Bremen<br \/>\n                Stadtbahn kollidiert mit Pkw &#8211; Vier Schwerverletzte<\/p>\n<p>\t\t\t\t              24.07.2025, 16:46 Uhr<\/p>\n<p><strong>In Hannover st\u00f6\u00dft ein Familienauto mit der Stadtbahn zusammen. Zwei Kinder und zwei Erwachsene werden schwer verletzt.<\/strong><\/p>\n<p>Hannover (dpa\/lni) &#8211; Beim Zusammensto\u00df einer Stadtbahn mit einem Pkw sind in Hannover zwei Erwachsene und zwei Kinder schwer verletzt worden. Alle f\u00fcnf Insassen des Autos kamen ins Krankenhaus, best\u00e4tigte ein Polizeisprecher nach dem Unfall am Mittag. Ein neunj\u00e4hriger Junge, ein 15-j\u00e4hriges M\u00e4dchen, eine 37-j\u00e4hrige Frau und der ein Jahr \u00e4ltere Fahrer trugen schwere, eine Achtj\u00e4hrige leichte Blessuren davon.\u00a0<\/p>\n<p>Wie es genau zu dem Unfall kam, konnte der Sprecher zun\u00e4chst nicht sagen. Der Autofahrer aus Hohenhameln im Landkreis Peine sei nach links abgebogen und dabei von der Bahn voll erwischt worden. Rettungskr\u00e4fte mussten den Mann befreien. Der Schaden an der Stadtbahn betrage etwa 45.000 Euro. Die Hildesheimer Stra\u00dfe wurde zun\u00e4chst komplett gesperrt, zum Nachmittag sollte sich der Verkehr wieder normalisieren, hie\u00df es weiter.<\/p>\n","protected":false},"excerpt":{"rendered":"Niedersachsen &amp; Bremen Stadtbahn kollidiert mit Pkw &#8211; Vier Schwerverletzte 24.07.2025, 16:46 Uhr In Hannover st\u00f6\u00dft ein Familienauto&hellip;\n","protected":false},"author":2,"featured_media":291755,"comment_status":"","ping_status":"","sticky":false,"template":"","format":"standard","meta":{"footnotes":""},"categories":[1824],"tags":[2420,3364,29,30,1411,1892,9960,11238,4197],"class_list":{"0":"post-291754","1":"post","2":"type-post","3":"status-publish","4":"format-standard","5":"has-post-thumbnail","7":"category-bremen","8":"tag-bremen","9":"tag-de","10":"tag-deutschland","11":"tag-germany","12":"tag-niedersachsen","13":"tag-pkw","14":"tag-schwerverletzte","15":"tag-stadtbahn","16":"tag-vier"},"share_on_mastodon":{"url":"https:\/\/pubeurope.com\/@de\/114911466533535224","error":""},"_links":{"self":[{"href":"https:\/\/www.europesays.com\/de\/wp-json\/wp\/v2\/posts\/291754","targetHints":{"allow":["GET"]}}],"collection":[{"href":"https:\/\/www.europesays.com\/de\/wp-json\/wp\/v2\/posts"}],"about":[{"href":"https:\/\/www.europesays.com\/de\/wp-json\/wp\/v2\/types\/post"}],"author":[{"embeddable":true,"href":"https:\/\/www.europesays.com\/de\/wp-json\/wp\/v2\/users\/2"}],"replies":[{"embeddable":true,"href":"https:\/\/www.europesays.com\/de\/wp-json\/wp\/v2\/comments?post=291754"}],"version-history":[{"count":0,"href":"https:\/\/www.europesays.com\/de\/wp-json\/wp\/v2\/posts\/291754\/revisions"}],"wp:featuredmedia":[{"embeddable":true,"href":"https:\/\/www.europesays.com\/de\/wp-json\/wp\/v2\/media\/291755"}],"wp:attachment":[{"href":"https:\/\/www.europesays.com\/de\/wp-json\/wp\/v2\/media?parent=291754"}],"wp:term":[{"taxonomy":"category","embeddable":true,"href":"https:\/\/www.europesays.com\/de\/wp-json\/wp\/v2\/categories?post=291754"},{"taxonomy":"post_tag","embeddable":true,"href":"https:\/\/www.europesays.com\/de\/wp-json\/wp\/v2\/tags?post=291754"}],"curies":[{"name":"wp","href":"https:\/\/api.w.org\/{rel}","templated":true}]}}