{"id":291794,"date":"2025-07-25T02:38:30","date_gmt":"2025-07-25T02:38:30","guid":{"rendered":"https:\/\/www.europesays.com\/de\/291794\/"},"modified":"2025-07-25T02:38:30","modified_gmt":"2025-07-25T02:38:30","slug":"hertha-bsc-reese-traegt-offensive-brooks-verletzt-5-berlin-baustellen-fussball","status":"publish","type":"post","link":"https:\/\/www.europesays.com\/de\/291794\/","title":{"rendered":"Hertha BSC: Reese tr\u00e4gt Offensive, Brooks verletzt \u2013 5 Berlin-Baustellen | Fu\u00dfball"},"content":{"rendered":"<p><b>Mit 18 Punkten aus den letzten neun Spielen hatte Hertha BSC in der Schlussphase der vergangenen Saison einen Aufstiegsschnitt. Diesen Schwung will der Hauptstadt-Klub mitnehmen \u2013 und in der neuen Spielzeit ganz oben angreifen. <\/b><\/p>\n<p>Trainer Stefan Leitl (47) spricht fr\u00fch Klartext: \u201eWir m\u00fcssen uns so ausrichten, dass wir um den Aufstieg spielen k\u00f6nnen. Alles andere z\u00e4hlt nicht.\u201c<\/p>\n<p>Doch f\u00fcr die R\u00fcckkehr in die Bundesliga m\u00fcssen noch f\u00fcnf Baustellen geschlossen werden \u2013 auf und neben dem Platz.<\/p>\n<p>Lesen Sie auch<\/p>\n<p>\u25ba <b>Neuner erst mit \u00adVersp\u00e4tung!<\/b><\/p>\n<p>Die St\u00fcrmer-Suche war und ist f\u00fcr Sportchef Benjamin Weber (44) schwierig. Der Grund vor allem: finanzielle Engp\u00e4sse. Deshalb wurde Dawid Kownacki (28) von Werder Bremen nach langer Suche erst sp\u00e4t mit Kaufpflicht ausgeliehen. Problem: Viel Zeit zum Einspielen mit seinen Kollegen bleibt nicht. Ein zweiter Mittelst\u00fcrmer (Mergim Beriha von Hoffenheim) soll ausgeliehen werden.<\/p>\n<p><img decoding=\"async\" width=\"992\" height=\"661\" alt=\"Fabian Reese (r.) ballert sich im Trainingslager in \u00d6sterreich auf die neue Saison ein. Keeper Tjark Ernst bleibt Herthas Nummer 1\" src=\"https:\/\/www.europesays.com\/de\/wp-content\/uploads\/2025\/07\/1dab69b4ce72e388cf6c896a4b4f273f,b99ec40e\"   class=\"dynamic\" loading=\"lazy\"\/><\/p>\n<p class=\"fig__caption__text\">Fabian Reese (r.) ballert sich im Trainingslager in \u00d6sterreich auf die neue Saison ein. Keeper Tjark Ernst bleibt Herthas Nummer 1<\/p>\n<p>Foto: Burmann\/City-Press<\/p>\n<p>\u25ba <b>Reese tr\u00e4gt die \u00adOffensiv-Last<\/b><\/p>\n<p>Bei Hertha gilt: besser abh\u00e4ngig von Fabian Reese (27) als gar kein Reese. Seine Vertragsverl\u00e4ngerung bis 2030 war ein klares Aufstiegs-Signal! Aber: Mit Scherhant (22\/Freiburg) und Niederlechner (34\/1860 M\u00fcnchen) haben zwei Top-Torj\u00e4ger den Klub verlassen. Schon vergangene Saison zeigte die Reese-Verletzung in der Vorbereitung: Die Offensiv-Last muss auf mehrere Schultern verteilt werden. Im Fokus jetzt: Neuzugang und Maza-Ersatz Maurice Krattenmacher (19). Auch Micha\u00ebl Cuisance (25) soll mehr Verantwortung \u00fcbernehmen.<\/p>\n<p>\u25ba <b>Verletzungspech bremst Fitness-Plan!<\/b><\/p>\n<p>Hertha wollte im Trainingslager in Tirol zur Laufmaschine der 2. Liga werden. Klare Ansage von Trainer Stefan Leitl: \u201eWir haben uns auf die Fahne geschrieben, wir wollen die fitteste Mannschaft der Liga sein.\u201c Doch Verletzungen st\u00f6ren den Plan. Abwehr-Boss John Brooks (32\/Faserriss Wade) f\u00e4llt noch wochenlang aus. Deyovaisio Zeefuik (27) und Paul Seguin (30\/beide ebenfalls Wade) machten im Trainingslager kein Testspiel mit. Ein Test gegen Basaksehir musste aus Personalmangel sogar abgesagt werden. Linus Gechter (21) f\u00e4llt dazu zum Zweitliga-Start am 1. August auf Schalke mit Rotsperre aus.<\/p>\n<p><img decoding=\"async\" width=\"992\" height=\"1178\" alt=\"Dr. Peter G\u00f6rlich (58) arbeitete von Oktober 2015 bis Juni 2021 als Gesch\u00e4ftsf\u00fchrer bei der TSG Hoffenheim. Er soll neuer Hertha-Boss werden\" src=\"https:\/\/www.europesays.com\/de\/wp-content\/uploads\/2025\/07\/3b404ce8457bf5129e349f229b04a003,b8a99138\"   class=\"portrait\" loading=\"lazy\"\/><\/p>\n<p class=\"fig__caption__text\">Dr. Peter G\u00f6rlich (58) arbeitete von Oktober 2015 bis Juni 2021 als Gesch\u00e4ftsf\u00fchrer bei der TSG Hoffenheim. Er soll neuer Hertha-Boss werden<\/p>\n<p>Foto: picture alliance\/dpa<\/p>\n<p>\u25ba <b>Ein Gesch\u00e4ftsf\u00fchrer Sport fehlt!<\/b><\/p>\n<p>Mit Ralf Rangnick (67), Oliver Kahn (56) und Jonas Boldt (43) konnte man keine Einigung erzielen. Nach SPORT BILD-Infos ist inzwischen Dr. Peter G\u00f6rlich (58) Favorit. Der war von 2015 bis 2021 bei Hoffenheim als Gesch\u00e4ftsf\u00fchrer, hatte als Sportexperten damals Alexander Rosen (46) als Direktor Profifu\u00dfball eng an seiner Seite. Rosen steht Hertha aber nicht zur Verf\u00fcgung. Auch noch im Rennen: Samir Arabi (46) und Sven Mislintat (52). Aktuell hat Hertha nach dem vorzeitigen R\u00fccktritt von Thomas Herrich (61\/Sprecher der Gesch\u00e4ftsf\u00fchrung) mit Ralf Huschen (46) nur einen Gesch\u00e4ftsf\u00fchrer (Finanzen). <\/p>\n<p>\u25ba <b>Doppelspitze der Hertha-Akademie ist unbesetzt! <\/b><\/p>\n<p>Hertha lebt von den Talenten aus der Akademie. Zuletzt wurde Ibrahim Maza (19) f\u00fcr zw\u00f6lf Mio. zu Leverkusen verkauft. Doch seit vielen Wochen werden ein sportlicher und ein administrativer Leiter per Stellenausschreibung gesucht. Ex-Co-Trainer Rainer Widmayer (58) und Ex-St\u00fcrmer Vedad Ibisevic (40) haben sich u.\u2005a. beworben. <\/p>\n<p>Urlaubsspa\u00df nach der EM: Alisha Lehmann begeistert mit Salto<a href=\"https:\/\/sportbild.bild.de\/fussball\/frauen-em\/alisha-lehmann-nach-der-em-salto-von-einer-yacht-auf-ibiza-68820bbdc1ef6365168b8d90\" class=\"anchor\" target=\"_blank\" rel=\"noopener\"><img decoding=\"async\" width=\"992\" height=\"558\" alt=\"Alisha Lehmann nach der EM | Salto von einer Yacht auf Ibiza\" src=\"https:\/\/www.europesays.com\/de\/wp-content\/uploads\/2025\/07\/81a53e7f4ce3c1ce72fac131bfa8cb9b,72fb8c52\"   class=\"landscape teaser__image\" loading=\"lazy\"\/><\/a><\/p>\n<p>Quelle: IG\/alishalehmann724.07.2025<\/p>\n","protected":false},"excerpt":{"rendered":"Mit 18 Punkten aus den letzten neun Spielen hatte Hertha BSC in der Schlussphase der vergangenen Saison einen&hellip;\n","protected":false},"author":2,"featured_media":291795,"comment_status":"","ping_status":"","sticky":false,"template":"","format":"standard","meta":{"footnotes":""},"categories":[1825],"tags":[84894,296,29,18391,30,1088,7648,6246,4277,6247,806,45,784],"class_list":{"0":"post-291794","1":"post","2":"type-post","3":"status-publish","4":"format-standard","5":"has-post-thumbnail","7":"category-berlin","8":"tag-berisha-mergim","9":"tag-berlin","10":"tag-deutschland","11":"tag-fc-schalke","12":"tag-germany","13":"tag-hertha-bsc","14":"tag-kownacki-dawid","15":"tag-leitl-stefan","16":"tag-olympiastadion-berlin","17":"tag-reese-fabian","18":"tag-sport-leuchtturm-berlin","19":"tag-texttospeech","20":"tag-zweite-bundesliga"},"share_on_mastodon":{"url":"https:\/\/pubeurope.com\/@de\/114911556860530760","error":""},"_links":{"self":[{"href":"https:\/\/www.europesays.com\/de\/wp-json\/wp\/v2\/posts\/291794","targetHints":{"allow":["GET"]}}],"collection":[{"href":"https:\/\/www.europesays.com\/de\/wp-json\/wp\/v2\/posts"}],"about":[{"href":"https:\/\/www.europesays.com\/de\/wp-json\/wp\/v2\/types\/post"}],"author":[{"embeddable":true,"href":"https:\/\/www.europesays.com\/de\/wp-json\/wp\/v2\/users\/2"}],"replies":[{"embeddable":true,"href":"https:\/\/www.europesays.com\/de\/wp-json\/wp\/v2\/comments?post=291794"}],"version-history":[{"count":0,"href":"https:\/\/www.europesays.com\/de\/wp-json\/wp\/v2\/posts\/291794\/revisions"}],"wp:featuredmedia":[{"embeddable":true,"href":"https:\/\/www.europesays.com\/de\/wp-json\/wp\/v2\/media\/291795"}],"wp:attachment":[{"href":"https:\/\/www.europesays.com\/de\/wp-json\/wp\/v2\/media?parent=291794"}],"wp:term":[{"taxonomy":"category","embeddable":true,"href":"https:\/\/www.europesays.com\/de\/wp-json\/wp\/v2\/categories?post=291794"},{"taxonomy":"post_tag","embeddable":true,"href":"https:\/\/www.europesays.com\/de\/wp-json\/wp\/v2\/tags?post=291794"}],"curies":[{"name":"wp","href":"https:\/\/api.w.org\/{rel}","templated":true}]}}