{"id":291951,"date":"2025-07-25T04:14:13","date_gmt":"2025-07-25T04:14:13","guid":{"rendered":"https:\/\/www.europesays.com\/de\/291951\/"},"modified":"2025-07-25T04:14:13","modified_gmt":"2025-07-25T04:14:13","slug":"vfb-stuttgart-platzt-der-wechsel-doch-boss-legt-veto-bei-giannis-konstantelias-ein-sport","status":"publish","type":"post","link":"https:\/\/www.europesays.com\/de\/291951\/","title":{"rendered":"VfB Stuttgart: Platzt der Wechsel doch? Boss legt Veto bei Giannis Konstantelias ein! | Sport"},"content":{"rendered":"<p>Der Wechsel-Poker schien endlich entschieden.<\/p>\n<p><b>Jetzt droht der Transfer von Giannis Konstantelias (22) doch noch zu platzen\u2026<\/b><\/p>\n<p>Eigentlich hatte der VfB im Poker um den Griechen-Messi den Durchbruch erzielt. Eigentlich\u2026<\/p>\n<p>Wie BILD am Donnerstagmittag berichtete, soll das j\u00fcngste Stuttgarter Angebot \u00fcber 18 Millionen Euro plus drei Millionen Euro Boni die Bosse von PAOK Saloniki \u00fcberzeugt haben. Mit Konstantelias war sich der VfB l\u00e4ngst einig. Trainer Sebastian Hoene\u00df (43) und Sportvorstand Fabian Wohlgemuth (46) hatten ihn \u00fcberzeugt. Weil der Edeltechniker aktuell mit PAOK im Trainingslager in Holland ist, sah es am Donnerstagnachmittag pl\u00f6tzlich so aus, als w\u00fcrde alles ganz schnell gehen.<\/p>\n<p>Lesen Sie auchKonstantelias sa\u00df nicht wie geplant im Flieger nach Stuttgart<\/p>\n<p><b>Wie BILD erfuhr, hatte sich Konstantelias schon bei den Teamkollegen verabschiedet und sollte am Nachmittag nach Stuttgart fliegen. Aber: Der Grieche sa\u00df abends nicht im Flieger nach Deutschland, machte sich stattdessen zur\u00fcck auf den Weg zur Mannschaft.<\/b><\/p>\n<p>Auch interessant<\/p>\n<p>Anzeige<\/p>\n<p>Auch interessant<\/p>\n<p>Anzeige<\/p>\n<p>Aus dem Wechsel wird vorerst nichts!<\/p>\n<p><b>Nach BILD-Infos sorgte der PAOK-Besitzer und Investor Iwan Savvidis (58) pers\u00f6nlich daf\u00fcr, dass Konstantelias zur\u00fcckfahren musste. Der Klub-Boss legt sein Veto ein. Pl\u00f6tzlich droht der Deal zu platzen!<\/b><\/p>\n<p>Hintergrund: Konstantelias ist bei PAOK der Top-Star und Publikumsliebling. Wegen des anstehenden Wechsels gingen die Fans auf die Barrikaden.<\/p>\n<p>BILD erfuhr: Es sollen sogar Fans auf der Gesch\u00e4ftsstelle von PAOK angerufen haben, um den Deal zu verhindern. Chaos pur! Aus Angst vor der Fan-Wut machte Savvidis jetzt den R\u00fcckzieher und m\u00f6chte Konstantelias daf\u00fcr ein neues Vertragsangebot unterbreiten. Was das f\u00fcr den Deal mit dem VfB bedeutet, ist aktuell\u00a0ungewiss, der Ausgang offen.             <\/p>\n<p><b>Klar ist nur: Anders als geplant, schl\u00e4gt Konstantelias am Donnerstagabend doch nicht beim VfB auf. Und der Poker geht doch noch eine Runde weiter\u2026 <\/b><\/p>\n<p>\u201eUngl\u00fccklicher Zeitpunkt\u201c: Muss ter Stegen um die WM bangen?<a href=\"https:\/\/www.bild.de\/sport\/fussball\/ungluecklicher-zeitpunkt-muss-ter-stegen-um-wm-bangen-68826ed70e680a76f4e94b7d\" class=\"anchor\" target=\"_blank\" rel=\"noopener\"><img decoding=\"async\" width=\"992\" height=\"558\" alt=\"Teaser-Bild\" src=\"https:\/\/www.europesays.com\/de\/wp-content\/uploads\/2025\/07\/53b38e7089a81df1c633d8c888d0c704,47be0c0d\"   class=\"landscape teaser__image\" loading=\"lazy\"\/><\/a><\/p>\n<p>Quelle: WELT TV24.07.2025<\/p>\n","protected":false},"excerpt":{"rendered":"Der Wechsel-Poker schien endlich entschieden. Jetzt droht der Transfer von Giannis Konstantelias (22) doch noch zu platzen\u2026 Eigentlich&hellip;\n","protected":false},"author":2,"featured_media":291952,"comment_status":"","ping_status":"","sticky":false,"template":"","format":"standard","meta":{"footnotes":""},"categories":[136],"tags":[29,538,347,30,64164,265,1470,45,2915],"class_list":{"0":"post-291951","1":"post","2":"type-post","3":"status-publish","4":"format-standard","5":"has-post-thumbnail","7":"category-sport","8":"tag-deutschland","9":"tag-erste-bundesliga","10":"tag-fussball","11":"tag-germany","12":"tag-paok-saloniki","13":"tag-sport","14":"tag-sport-leuchtturm-muenchen","15":"tag-texttospeech","16":"tag-vfb-stuttgart"},"share_on_mastodon":{"url":"https:\/\/pubeurope.com\/@de\/114911934178033924","error":""},"_links":{"self":[{"href":"https:\/\/www.europesays.com\/de\/wp-json\/wp\/v2\/posts\/291951","targetHints":{"allow":["GET"]}}],"collection":[{"href":"https:\/\/www.europesays.com\/de\/wp-json\/wp\/v2\/posts"}],"about":[{"href":"https:\/\/www.europesays.com\/de\/wp-json\/wp\/v2\/types\/post"}],"author":[{"embeddable":true,"href":"https:\/\/www.europesays.com\/de\/wp-json\/wp\/v2\/users\/2"}],"replies":[{"embeddable":true,"href":"https:\/\/www.europesays.com\/de\/wp-json\/wp\/v2\/comments?post=291951"}],"version-history":[{"count":0,"href":"https:\/\/www.europesays.com\/de\/wp-json\/wp\/v2\/posts\/291951\/revisions"}],"wp:featuredmedia":[{"embeddable":true,"href":"https:\/\/www.europesays.com\/de\/wp-json\/wp\/v2\/media\/291952"}],"wp:attachment":[{"href":"https:\/\/www.europesays.com\/de\/wp-json\/wp\/v2\/media?parent=291951"}],"wp:term":[{"taxonomy":"category","embeddable":true,"href":"https:\/\/www.europesays.com\/de\/wp-json\/wp\/v2\/categories?post=291951"},{"taxonomy":"post_tag","embeddable":true,"href":"https:\/\/www.europesays.com\/de\/wp-json\/wp\/v2\/tags?post=291951"}],"curies":[{"name":"wp","href":"https:\/\/api.w.org\/{rel}","templated":true}]}}