{"id":292105,"date":"2025-07-25T05:42:15","date_gmt":"2025-07-25T05:42:15","guid":{"rendered":"https:\/\/www.europesays.com\/de\/292105\/"},"modified":"2025-07-25T05:42:15","modified_gmt":"2025-07-25T05:42:15","slug":"mullefluppet-in-aachen-ueberraschender-besuch","status":"publish","type":"post","link":"https:\/\/www.europesays.com\/de\/292105\/","title":{"rendered":"Mullefluppet in Aachen: \u00dcberraschender Besuch"},"content":{"rendered":"<p class=\"Paragraph_root__xJSDF Paragraph_default-lg-default__txMNQ articleParagraph paragraph_dropcap__P25Rr\">Auf dem Weg zur Arbeit sieht Mullefluppet im St\u00e4dtchen manchmal ein paar V\u00f6gel. Auch ein Eichh\u00f6rnchen im Stadtpark ist schon mal an ihm vorbeigehuscht. Die morgendliche Begegnung seiner Kollegin C. kann er jedoch nicht toppen. <\/p>\n<p class=\"Paragraph_root__xJSDF Paragraph_default-lg-default__txMNQ articleParagraph\">Die Gl\u00fcckliche wohnt in einer ruhigen Spielstra\u00dfe in einer Nachbargemeinde. Vom Balkon aus blickt sie aufs Feld, das direkt an den Garten des Nachbarn grenzt. Gestern Morgen, als sie zum Auto ging, das hinterm Haus stand, blickte sie auf einmal in ein paar knopfgro\u00dfe, tiefbraune Augen. Nur wenige Meter vor ihr stand ein kleines Reh, das sich in Nachbars Garten das gr\u00fcne Gras hatte schmecken lassen. F\u00fcr einen kurzen Moment standen beide einfach nur da und schauten sich an. Wie sch\u00f6n, wenn Mensch und Tier so gut nebeneinander leben k\u00f6nnen, dachte C., als sich das Reh kurzerhand entschloss, mit ein paar kurzen S\u00e4tzen das Weite zu suchen. Zwischen ein paar sch\u00fctzende B\u00e4ume und zur\u00fcck aufs Feld. Heute arbeitet Kollegin C. im Homeoffice. Aus (guten) Gr\u00fcnden, wie sie sagt. Mullefluppet vermutet, dass sie insgeheim nur hofft, wieder \u00fcberraschenden Besuch zu bekommen, den sie diesmal vom Balkon aus beobachten kann, wa?<\/p>\n<p><a href=\"https:\/\/www.aachener-zeitung.de\/lokales\/region-aachen\/aachen\/gestatten-mullefluppet.-%E2%80%93-angenehm-willi-wichtig.\/3866368.html\" class=\"RelatedTeaser_related-teaser__awFnD RelatedTeaser_related-teaser--image__oZDce read-more_withImage__1YJa_\" data-article-id=\"3866368\" target=\"_blank\" rel=\"noopener\"><\/p>\n<p>Lesen Sie auch:\u201eGestatten, Mullefluppet.\u201c \u2013 \u201eAngenehm, Willi Wichtig.\u201c<\/p>\n<p><\/a><\/p>\n","protected":false},"excerpt":{"rendered":"Auf dem Weg zur Arbeit sieht Mullefluppet im St\u00e4dtchen manchmal ein paar V\u00f6gel. Auch ein Eichh\u00f6rnchen im Stadtpark&hellip;\n","protected":false},"author":2,"featured_media":33103,"comment_status":"","ping_status":"","sticky":false,"template":"","format":"standard","meta":{"footnotes":""},"categories":[1853],"tags":[1424,3364,29,548,663,3934,30,13,14,15,1209,12],"class_list":{"0":"post-292105","1":"post","2":"type-post","3":"status-publish","4":"format-standard","5":"has-post-thumbnail","7":"category-aachen","8":"tag-aachen","9":"tag-de","10":"tag-deutschland","11":"tag-eu","12":"tag-europa","13":"tag-europe","14":"tag-germany","15":"tag-headlines","16":"tag-nachrichten","17":"tag-news","18":"tag-nordrhein-westfalen","19":"tag-schlagzeilen"},"share_on_mastodon":{"url":"https:\/\/pubeurope.com\/@de\/114912280140927956","error":""},"_links":{"self":[{"href":"https:\/\/www.europesays.com\/de\/wp-json\/wp\/v2\/posts\/292105","targetHints":{"allow":["GET"]}}],"collection":[{"href":"https:\/\/www.europesays.com\/de\/wp-json\/wp\/v2\/posts"}],"about":[{"href":"https:\/\/www.europesays.com\/de\/wp-json\/wp\/v2\/types\/post"}],"author":[{"embeddable":true,"href":"https:\/\/www.europesays.com\/de\/wp-json\/wp\/v2\/users\/2"}],"replies":[{"embeddable":true,"href":"https:\/\/www.europesays.com\/de\/wp-json\/wp\/v2\/comments?post=292105"}],"version-history":[{"count":0,"href":"https:\/\/www.europesays.com\/de\/wp-json\/wp\/v2\/posts\/292105\/revisions"}],"wp:featuredmedia":[{"embeddable":true,"href":"https:\/\/www.europesays.com\/de\/wp-json\/wp\/v2\/media\/33103"}],"wp:attachment":[{"href":"https:\/\/www.europesays.com\/de\/wp-json\/wp\/v2\/media?parent=292105"}],"wp:term":[{"taxonomy":"category","embeddable":true,"href":"https:\/\/www.europesays.com\/de\/wp-json\/wp\/v2\/categories?post=292105"},{"taxonomy":"post_tag","embeddable":true,"href":"https:\/\/www.europesays.com\/de\/wp-json\/wp\/v2\/tags?post=292105"}],"curies":[{"name":"wp","href":"https:\/\/api.w.org\/{rel}","templated":true}]}}