{"id":292119,"date":"2025-07-25T05:50:16","date_gmt":"2025-07-25T05:50:16","guid":{"rendered":"https:\/\/www.europesays.com\/de\/292119\/"},"modified":"2025-07-25T05:50:16","modified_gmt":"2025-07-25T05:50:16","slug":"technoseum-laedt-zur-sternennacht-friedrichsfeld","status":"publish","type":"post","link":"https:\/\/www.europesays.com\/de\/292119\/","title":{"rendered":"TECHNOSEUM l\u00e4dt zur Sternennacht &#8211; Friedrichsfeld"},"content":{"rendered":"<ul class=\"content-meta\">\n<li>25. Juli 2025, 05:03\u00a0Uhr<\/li>\n<li>3\u00d7 gelesen<\/li>\n<\/ul>\n<p>\n                                    Premium<\/p>\n<p>                            <a class=\"content-author-avatar-block\" href=\"https:\/\/www.weikmedien.de\/friedrichsfeld\/profile-207\/marion-schatz?type=article\" rel=\"nofollow noopener\" target=\"_blank\"><\/p>\n<p>                                                                            <img class=\"imagecontainer\" decoding=\"auto\" data-aspect-ratio=\"1.050051073\" src=\"https:\/\/media04.weikmedien.de\/user\/2025\/03\/31\/7\/1247_L.webp?1743409121\" bad-src=\"data:image\/gif;base64,R0lGODlhAQABAIAAAAAAAP\/\/\/yH5BAEAAAAALAAAAAABAAEAAAIBRAA7\"\/><\/p>\n<p>                <\/a><\/p>\n<p>                                    Autor:<br \/>\n                                <a class=\"content-author-link\" href=\"https:\/\/www.weikmedien.de\/friedrichsfeld\/profile-207\/marion-schatz?type=article\" rel=\"nofollow noopener\" target=\"_blank\">Marion Schatz<\/a><\/p>\n<p>\n                        aus Friedrichsfeld<\/p>\n<p>                            <img class=\"imagecontainer\" loading=\"eager\" fetchpriority=\"auto\" decoding=\"auto\" data-aspect-ratio=\"0.666666667\" src=\"https:\/\/www.europesays.com\/de\/wp-content\/uploads\/2025\/07\/92941_L.webp\" alt=\"Das Technoseum l\u00e4dt ein zur Sternennacht. | Foto: Technoseum\"\/><\/p>\n<p>Am Freitag, 25. Juli sind im TECHNOSEUM die Sterne zum Greifen nah. Bei der Sternenacht von 17 bis 23 Uhr k\u00f6nnen die Besucherinnen und Besucher unter anderem im Weltraum-Kino einen Ausflug auf die Internationale Raumstation ISS unternehmen, mit dem Teleskop Planeten und Sonnenflecken beobachten, unter dem Fluoreszenzmikroskop strahlende Zellen sichtbar machen oder in der Rooftop-Bar den Ausblick \u00fcber Mannheim bei Nacht genie\u00dfen. An diesem Abend gilt das Prinzip \u201ePay What You Want\u201c. Die Besucherinnen und Besucher zahlen, was ihnen das Event wert ist.<\/p>\n<p>Das Deutsche Zentrum f\u00fcr Luft- und Raumfahrt ist zu Gast mit seinem \u201eDLR_Weltraum_Kino\u201c und nimmt kleine und gro\u00dfe Weltraum-Fans mit auf eine Reise ins Universum;<\/p>\n<p>                        Premium<\/p>\n<p>Sie haben keinen Premium-Zugang!<\/p>\n<p>                        Weitere Informationen zu unserem Premium-Angebot finden Sie <a href=\"https:\/\/www.weikmedien.de\/s\/premium-zugang\" rel=\"nofollow noopener\" target=\"_blank\">hier<\/a>.<\/p>\n<p>                <a id=\"like-anchor\"\/><\/p>\n<p>                    Dieser Inhalt gef\u00e4llt Ihnen?<\/p>\n<p>Melden Sie sich an, um diesen Inhalt mit \u00abGef\u00e4llt mir\u00bb zu markieren.<\/p>\n<p>            \u00d7<\/p>\n<p>        <a href=\"#\" data-trigger-click-on-space-or-enter=\"\" class=\"button ggm-like-button hollow\" title=\"Gef\u00e4llt mir\" data-open=\"like-conversion-68831b1590818\"><\/p>\n<p>        <\/a><\/p>\n<p>\n        Gef\u00e4llt <strong>0<\/strong> mal<br \/>\n        0\n    <\/p>\n<p>            <a href=\"https:\/\/www.weikmedien.de\/friedrichsfeld\/profile-207\/marion-schatz\" class=\"stop-click-event-propagation\" rel=\"nofollow noopener\" target=\"_blank\">    <\/p>\n<p>                                                                            <img class=\"imagecontainer\" decoding=\"auto\" data-aspect-ratio=\"1.050051073\" src=\"https:\/\/media04.weikmedien.de\/user\/2025\/03\/31\/7\/1247_L.webp?1743409121\" bad-src=\"data:image\/gif;base64,R0lGODlhAQABAIAAAAAAAP\/\/\/yH5BAEAAAAALAAAAAABAAEAAAIBRAA7\"\/><\/p>\n<p>        <\/a><\/p>\n<p>        \u00d7<\/p>\n<p>    Video einbetten<\/p>\n<p class=\"help\">Es k\u00f6nnen nur einzelne Videos der jeweiligen Plattformen eingebunden werden, nicht jedoch Playlists, Streams oder \u00dcbersichtsseiten.<\/p>\n<p>        \u00d7<\/p>\n<p>    Code einbetten<\/p>\n<p>        Funktionalit\u00e4t des eingebetteten Codes ohne Gew\u00e4hr. Bitte Einbettungen f\u00fcr Video, Social, Link und Maps mit dem vom System vorgesehenen Einbettungsfuntkionen vornehmen.\n    <\/p>\n<p>                    Sie m\u00f6chten selbst beitragen?<\/p>\n<p>Melden Sie sich jetzt kostenlos an, um selbst mit eigenen Inhalten beizutragen.<\/p>\n<p>            \u00d7<\/p>\n<p>        Ladenburg und Friedrichsfeld<\/p>\n<p>Redaktionsschluss: Mittwoch, 16 Uhr <br \/>Anzeigenschluss: Donnerstag, 10 Uhr <\/p>\n<p>        Edingen-Neckarhausen<\/p>\n<p>Redaktionsschluss: Dienstag, 10 Uhr <br \/>Anzeigenschluss: Mittwoch, 10 Uhr <\/p>\n","protected":false},"excerpt":{"rendered":"25. Juli 2025, 05:03\u00a0Uhr 3\u00d7 gelesen Premium Autor: Marion Schatz aus Friedrichsfeld Am Freitag, 25. Juli sind im&hellip;\n","protected":false},"author":2,"featured_media":292120,"comment_status":"","ping_status":"","sticky":false,"template":"","format":"standard","meta":{"footnotes":""},"categories":[1845],"tags":[1634,3364,29,548,663,3934,30,13,2096,14,15,12],"class_list":{"0":"post-292119","1":"post","2":"type-post","3":"status-publish","4":"format-standard","5":"has-post-thumbnail","7":"category-mannheim","8":"tag-baden-wuerttemberg","9":"tag-de","10":"tag-deutschland","11":"tag-eu","12":"tag-europa","13":"tag-europe","14":"tag-germany","15":"tag-headlines","16":"tag-mannheim","17":"tag-nachrichten","18":"tag-news","19":"tag-schlagzeilen"},"share_on_mastodon":{"url":"https:\/\/pubeurope.com\/@de\/114912311805801346","error":""},"_links":{"self":[{"href":"https:\/\/www.europesays.com\/de\/wp-json\/wp\/v2\/posts\/292119","targetHints":{"allow":["GET"]}}],"collection":[{"href":"https:\/\/www.europesays.com\/de\/wp-json\/wp\/v2\/posts"}],"about":[{"href":"https:\/\/www.europesays.com\/de\/wp-json\/wp\/v2\/types\/post"}],"author":[{"embeddable":true,"href":"https:\/\/www.europesays.com\/de\/wp-json\/wp\/v2\/users\/2"}],"replies":[{"embeddable":true,"href":"https:\/\/www.europesays.com\/de\/wp-json\/wp\/v2\/comments?post=292119"}],"version-history":[{"count":0,"href":"https:\/\/www.europesays.com\/de\/wp-json\/wp\/v2\/posts\/292119\/revisions"}],"wp:featuredmedia":[{"embeddable":true,"href":"https:\/\/www.europesays.com\/de\/wp-json\/wp\/v2\/media\/292120"}],"wp:attachment":[{"href":"https:\/\/www.europesays.com\/de\/wp-json\/wp\/v2\/media?parent=292119"}],"wp:term":[{"taxonomy":"category","embeddable":true,"href":"https:\/\/www.europesays.com\/de\/wp-json\/wp\/v2\/categories?post=292119"},{"taxonomy":"post_tag","embeddable":true,"href":"https:\/\/www.europesays.com\/de\/wp-json\/wp\/v2\/tags?post=292119"}],"curies":[{"name":"wp","href":"https:\/\/api.w.org\/{rel}","templated":true}]}}