{"id":292143,"date":"2025-07-25T06:03:10","date_gmt":"2025-07-25T06:03:10","guid":{"rendered":"https:\/\/www.europesays.com\/de\/292143\/"},"modified":"2025-07-25T06:03:10","modified_gmt":"2025-07-25T06:03:10","slug":"myanmars-militaerjunta-schmeichelt-sich-von-us-sanktionen-frei","status":"publish","type":"post","link":"https:\/\/www.europesays.com\/de\/292143\/","title":{"rendered":"Myanmars Milit\u00e4rjunta schmeichelt sich von US-Sanktionen frei"},"content":{"rendered":"<p>        Nette Worte an Trump<br \/>\n      Myanmars Milit\u00e4rjunta schmeichelt sich von US-Sanktionen frei<\/p>\n<p>            Artikel anh\u00f6ren<\/p>\n<p>            Kopiere den aktuellen Link<\/p>\n<p>          Zur Merkliste hinzuf\u00fcgen<\/p>\n<p>Die USA hatten Verb\u00fcndete der Milit\u00e4rjunta in Myanmar sanktioniert. Ein Brief des Machthabers \u00e4ndert nun alles. Die Menschenrechtsorganisation Human Rights Watch ist entsetzt.<\/p>\n<p class=\"typo-body-default is-initial\">Die USA haben Sanktionen gegen mehrere Verb\u00fcndete der Milit\u00e4rjunta in <a class=\"taxonomy-entity place\" data-target-type=\"article\" href=\"https:\/\/www.stern.de\/politik\/ausland\/themen\/myanmar-4149318.html\" rel=\"nofollow noopener\" target=\"_blank\">Myanmar<\/a> aufgehoben. Dies geht aus einer Mitteilung des US-Finanzministeriums von Donnerstag hervor.<\/p>\n<p class=\"typo-body-default\">Juntachef Min Aung Hlaing hatte in einem Brief vom 11. Juli an Pr\u00e4sident Donald Trump um eine Lockerung der Strafma\u00dfnahmen gebeten. Darin lobte Hlaing Trump f\u00fcr dessen &#8222;starke F\u00fchrung&#8220; und bezeichnete ihn als &#8222;wahren Patrioten&#8220;. Er bat darum, die Wirtschaftssanktionen zu \u00fcberdenken und aufzuheben, da sie den gemeinsamen Interessen beider L\u00e4nder schadeten.<\/p>\n<p>    14. Januar 2025,14:11<\/p>\n<p><img decoding=\"async\" class=\"image\" src=\"https:\/\/www.europesays.com\/de\/wp-content\/uploads\/2025\/07\/myanmar-aufmacher.jpg\"   loading=\"lazy\" fetchpriority=\"auto\" alt=\"Mitglieder des Naypydaw Bataillons in Myanmar auf einem Gel\u00e4ndewagen\" title=\"Mitglieder des Naypydaw Bataillons in Myanmar auf einem Gel\u00e4ndewagen\"\/><\/p>\n<p>      <a class=\"teaser__link\" href=\"https:\/\/www.stern.de\/politik\/ausland\/in-myanmar-tobt-ein-krieg--junge-guerillas-gegen-das-militaer-35359962.html\" data-upscore-url=\"\" rel=\"nofollow noopener\" target=\"_blank\"><\/p>\n<p>            Myanmar<br \/>\n                    Sie sind gerade mal 18 und k\u00e4mpfen gegen ein M\u00f6rderregime <\/p>\n<p>      <\/a><\/p>\n<p class=\"typo-body-default\">Laut der Mitteilung des <a class=\"taxonomy-entity organization\" data-target-type=\"article\" href=\"https:\/\/www.stern.de\/wirtschaft\/news\/themen\/finanzministerium-der-vereinigten-staaten-4174406.html\" rel=\"nofollow noopener\" target=\"_blank\">US-Finanzministeriums<\/a> vom Donnerstag, wurden nun unter anderem die Unternehmen KT Services &amp; Logistics, die MCM Group und Suntac Technologies sowie mehrere Einzelpersonen von der Sanktionsliste gestrichen. Eine Begr\u00fcndung f\u00fcr den Schritt nannte das Ministerium nicht.<\/p>\n<p>  Myanmar verf\u00fcgt \u00fcber Seltene Erden<\/p>\n<p class=\"typo-body-default\">Die Menschenrechtsorganisation Human Rights Watch bezeichnete die Entscheidung als &#8222;\u00e4u\u00dferst besorgniserregend&#8220; und &#8222;schockierend&#8220;. Dies deute auf eine grundlegende Wende in der US-Politik hin, erkl\u00e4rte John Sifton, der Asien-Direktor der Organisation. Bislang sei die Politik auf Strafma\u00dfnahmen gegen das Milit\u00e4rregime ausgerichtet gewesen.<\/p>\n<p>    25. Juni 2025,12:02<\/p>\n<p><img decoding=\"async\" class=\"image\" src=\"https:\/\/www.europesays.com\/de\/wp-content\/uploads\/2025\/07\/trump-rutte-nato.jpg\"   loading=\"lazy\" fetchpriority=\"auto\" alt=\"Nato-Chef Mark Rutte sch\u00fcttelt Donald Trump bei einem gemeinsamen Treffen die Hand\" title=\"Nato-Chef Mark Rutte sch\u00fcttelt Donald Trump bei einem gemeinsamen Treffen die Hand\"\/><\/p>\n<p>      <a class=\"teaser__link\" href=\"https:\/\/www.stern.de\/politik\/ausland\/nato-gipfel--fuer-trumps-laune-ist-rutte-nichts-zu-peinlich-35838966.html\" data-upscore-url=\"\" rel=\"nofollow noopener\" target=\"_blank\"><\/p>\n<p>            Gipfeltreffen in Den Haag<br \/>\n                    Um Trump bei Laune zu halten, ist dem Nato-Chef nichts zu peinlich<\/p>\n<p>      <\/a><\/p>\n<p class=\"typo-body-default\">Das <a class=\"taxonomy-entity keyword\" data-target-type=\"article\" href=\"https:\/\/www.stern.de\/politik\/ausland\/themen\/militaer-4131676.html\" rel=\"nofollow noopener\" target=\"_blank\">Milit\u00e4r<\/a> von Myanmar hatte sich im Februar 2021 an die Macht geputscht, die demokratisch gew\u00e4hlte Regierung gest\u00fcrzt und deren faktische Chefin und Friedensnobelpreistr\u00e4gerin Aung San Suu Kyi festgenommen. Zahlreiche L\u00e4nder haben Sanktionen gegen die Milit\u00e4rregierung verh\u00e4ngt, die f\u00fcr Verbrechen gegen die Menschlichkeit und V\u00f6lkermord verantwortlich gemacht wird.<\/p>\n<p class=\"typo-body-default\">Myanmar ist eine der weltweit wichtigsten Quellen f\u00fcr Seltene Erden, die in der Hochtechnologie und f\u00fcr R\u00fcstungsg\u00fcter verwendet werden. Die Sicherung der Lieferketten ist ein zentrales Anliegen der <a class=\"\" data-target-type=\"article\" href=\"https:\/\/www.stern.de\/lifestyle\/leute\/themen\/donald-trump-4540962.html\" rel=\"nofollow noopener\" target=\"_blank\">Trump<\/a>-Regierung im strategischen Wettbewerb mit China, das 90 Prozent der weltweiten Verarbeitungskapazit\u00e4ten kontrolliert.<\/p>\n<p>\n    Reuters\n  <\/p>\n<p>\n    cl\n  <\/p>\n","protected":false},"excerpt":{"rendered":"Nette Worte an Trump Myanmars Milit\u00e4rjunta schmeichelt sich von US-Sanktionen frei Artikel anh\u00f6ren Kopiere den aktuellen Link Zur&hellip;\n","protected":false},"author":2,"featured_media":292144,"comment_status":"","ping_status":"","sticky":false,"template":"","format":"standard","meta":{"footnotes":""},"categories":[3977],"tags":[331,332,13,14,15,12,4017,4018,4016,64,4019,4020],"class_list":{"0":"post-292143","1":"post","2":"type-post","3":"status-publish","4":"format-standard","5":"has-post-thumbnail","7":"category-usa","8":"tag-aktuelle-nachrichten","9":"tag-aktuelle-news","10":"tag-headlines","11":"tag-nachrichten","12":"tag-news","13":"tag-schlagzeilen","14":"tag-united-states","15":"tag-united-states-of-america","16":"tag-us","17":"tag-usa","18":"tag-vereinigte-staaten","19":"tag-vereinigte-staaten-von-amerika"},"share_on_mastodon":{"url":"https:\/\/pubeurope.com\/@de\/114912362784480683","error":""},"_links":{"self":[{"href":"https:\/\/www.europesays.com\/de\/wp-json\/wp\/v2\/posts\/292143","targetHints":{"allow":["GET"]}}],"collection":[{"href":"https:\/\/www.europesays.com\/de\/wp-json\/wp\/v2\/posts"}],"about":[{"href":"https:\/\/www.europesays.com\/de\/wp-json\/wp\/v2\/types\/post"}],"author":[{"embeddable":true,"href":"https:\/\/www.europesays.com\/de\/wp-json\/wp\/v2\/users\/2"}],"replies":[{"embeddable":true,"href":"https:\/\/www.europesays.com\/de\/wp-json\/wp\/v2\/comments?post=292143"}],"version-history":[{"count":0,"href":"https:\/\/www.europesays.com\/de\/wp-json\/wp\/v2\/posts\/292143\/revisions"}],"wp:featuredmedia":[{"embeddable":true,"href":"https:\/\/www.europesays.com\/de\/wp-json\/wp\/v2\/media\/292144"}],"wp:attachment":[{"href":"https:\/\/www.europesays.com\/de\/wp-json\/wp\/v2\/media?parent=292143"}],"wp:term":[{"taxonomy":"category","embeddable":true,"href":"https:\/\/www.europesays.com\/de\/wp-json\/wp\/v2\/categories?post=292143"},{"taxonomy":"post_tag","embeddable":true,"href":"https:\/\/www.europesays.com\/de\/wp-json\/wp\/v2\/tags?post=292143"}],"curies":[{"name":"wp","href":"https:\/\/api.w.org\/{rel}","templated":true}]}}