{"id":292231,"date":"2025-07-25T06:51:10","date_gmt":"2025-07-25T06:51:10","guid":{"rendered":"https:\/\/www.europesays.com\/de\/292231\/"},"modified":"2025-07-25T06:51:10","modified_gmt":"2025-07-25T06:51:10","slug":"oerlenbach-offizieller-startschuss-fuer-radio-gong-wuerzburg","status":"publish","type":"post","link":"https:\/\/www.europesays.com\/de\/292231\/","title":{"rendered":"Oerlenbach: Offizieller Startschuss f\u00fcr\u2026 | Radio Gong W\u00fcrzburg"},"content":{"rendered":"<p>Die rund 700 Kilometer lange Mega-Stromtrasse S\u00fcdLink besch\u00e4ftigt die Region schon seit Langem. Am Freitag um 11 Uhr wird in Oerlenbach im Landkreis Bad Kissingen der Baubeginn in Bayern gefeiert. Mit dabei sind unter anderem Ministerpr\u00e4sident Markus S\u00f6der und Bundesforschungsministerin Dorothee B\u00e4r.<\/p>\n<p>Die Trasse soll gr\u00fcne Windenergie vom Norden Deutschlands zu uns in den S\u00fcden bringen. Hier in der Region verl\u00e4uft sie von Mellrichstadt \u00fcber Oerlenbach und Arnstein bis nach Altertheim im Landkreis W\u00fcrzburg. Bis Ende 2028 soll sie fertiggestellt und alle Kabel verlegt sein.<\/p>\n","protected":false},"excerpt":{"rendered":"Die rund 700 Kilometer lange Mega-Stromtrasse S\u00fcdLink besch\u00e4ftigt die Region schon seit Langem. Am Freitag um 11 Uhr&hellip;\n","protected":false},"author":2,"featured_media":292232,"comment_status":"","ping_status":"","sticky":false,"template":"","format":"standard","meta":{"footnotes":""},"categories":[1772],"tags":[29,214,30,1779,810,2506,215],"class_list":{"0":"post-292231","1":"post","2":"type-post","3":"status-publish","4":"format-standard","5":"has-post-thumbnail","7":"category-musik","8":"tag-deutschland","9":"tag-entertainment","10":"tag-germany","11":"tag-music","12":"tag-musik","13":"tag-radio-radio-gong-wuerzburg-heimvorteil-musik","14":"tag-unterhaltung"},"share_on_mastodon":{"url":"https:\/\/pubeurope.com\/@de\/114912551806699647","error":""},"_links":{"self":[{"href":"https:\/\/www.europesays.com\/de\/wp-json\/wp\/v2\/posts\/292231","targetHints":{"allow":["GET"]}}],"collection":[{"href":"https:\/\/www.europesays.com\/de\/wp-json\/wp\/v2\/posts"}],"about":[{"href":"https:\/\/www.europesays.com\/de\/wp-json\/wp\/v2\/types\/post"}],"author":[{"embeddable":true,"href":"https:\/\/www.europesays.com\/de\/wp-json\/wp\/v2\/users\/2"}],"replies":[{"embeddable":true,"href":"https:\/\/www.europesays.com\/de\/wp-json\/wp\/v2\/comments?post=292231"}],"version-history":[{"count":0,"href":"https:\/\/www.europesays.com\/de\/wp-json\/wp\/v2\/posts\/292231\/revisions"}],"wp:featuredmedia":[{"embeddable":true,"href":"https:\/\/www.europesays.com\/de\/wp-json\/wp\/v2\/media\/292232"}],"wp:attachment":[{"href":"https:\/\/www.europesays.com\/de\/wp-json\/wp\/v2\/media?parent=292231"}],"wp:term":[{"taxonomy":"category","embeddable":true,"href":"https:\/\/www.europesays.com\/de\/wp-json\/wp\/v2\/categories?post=292231"},{"taxonomy":"post_tag","embeddable":true,"href":"https:\/\/www.europesays.com\/de\/wp-json\/wp\/v2\/tags?post=292231"}],"curies":[{"name":"wp","href":"https:\/\/api.w.org\/{rel}","templated":true}]}}