{"id":292417,"date":"2025-07-25T08:36:10","date_gmt":"2025-07-25T08:36:10","guid":{"rendered":"https:\/\/www.europesays.com\/de\/292417\/"},"modified":"2025-07-25T08:36:10","modified_gmt":"2025-07-25T08:36:10","slug":"pol-bi-wiederholungstaeter-erwischt-presseportal","status":"publish","type":"post","link":"https:\/\/www.europesays.com\/de\/292417\/","title":{"rendered":"POL-BI: Wiederholungst\u00e4ter erwischt | Presseportal"},"content":{"rendered":"<p class=\"date\">25.07.2025 \u2013 10:25<\/p>\n<p class=\"customer\">\n                        <a class=\"story-customer\" title=\"weiter zum newsroom von Polizei Bielefeld\" href=\"https:\/\/www.presseportal.de\/blaulicht\/nr\/12522\" rel=\"nofollow noopener\" target=\"_blank\">Polizei Bielefeld<\/a>\n                    <\/p>\n<p><a data-category=\"citylink-story-view\" data-action=\"click\" data-label=\"Citylink in Meldungsansicht\" class=\"story-city event-trigger\" href=\"https:\/\/www.presseportal.de\/regional\/Bielefeld\" title=\"News aus Bielefeld \" rel=\"nofollow noopener\" target=\"_blank\">Bielefeld<\/a> (ots)<\/p>\n<p>HC\/ Bielefeld- Schildesche-<br \/>\nEine Fahrzeugkontrolle am Donnerstag, 24.07.2025, brachte ans Licht, dass der angetrunkene und unter Drogen stehende Fahrer keinen F\u00fchrerschein besa\u00df.<\/p>\n<p>Ein Streifenpolizist bemerkte gegen 01:00 Uhr an der Ampel An der Reegt Ecke Apfelstra\u00dfe, in Fahrtrichtung Stapelbrede, einen Audi A4. Als der Streifenwagen wendete, beschleunigte der Audi-Fahrer sein Fahrzeug und \u00fcberquerte z\u00fcgig die Kreuzung. Der Audi bog an der ersten Einm\u00fcndung nach rechts, danach gleich wieder nach links in die Stra\u00dfe Sch\u00fcrkamp ab und fuhr dort auf einen Parkplatz.<br \/>\nAls der Streifenwagen auf dem Parkplatz eintraf, stand der Fahrer bereits vor dem Audi. Der 39-j\u00e4hrige Bielefelder ging auf den Polizisten zu und teilte ungefragt mit, dass sein F\u00fchrerschein an seiner Wohnanschrift sei.<\/p>\n<p>Der Beamte nahm bei dem Audi-Fahrer Alkohol Geruch sowie drogentypische Ausfallerscheinungen wahr. Ein Alkoholvortest verlief positiv. In dem Geb\u00fcsch vor dem PKW sowie in den Taschen des Bielefelders wurden zudem verschiedene Drogen aufgefunden.<\/p>\n<p>Im Krankenhaus entnahm ein Arzt dem 39-J\u00e4hrigen zwei Blutproben. Recherchen ergaben, dass der polizeibekannte Mann nicht im Besitz eines F\u00fchrerscheins ist. Strafverfahren wurden eingeleitet.<\/p>\n<p>Den 22-j\u00e4hrigen Fahrzeughalter, der sich w\u00e4hrend der Fahrt auf dem Beifahrersitz befunden hatte, erwartet eine Strafanzeige wegen Zulassen bzw. Anordnen des F\u00fchrens eines Kfz ohne Fahrerlaubnis.<\/p>\n<p class=\"contact-headline\">R\u00fcckfragen von Journalisten bitte an:<\/p>\n<p class=\"contact-text\">Polizeipr\u00e4sidium Bielefeld<br \/>Leitungsstab\/ Presse- und \u00d6ffentlichkeitsarbeit<br \/>Kurt-Schumacher-Stra\u00dfe 46<br \/>33615 Bielefeld<\/p>\n<p>Sonja Rehmert (SR), Tel. 0521\/545-3020<br \/>Katja K\u00fcster (KK), Tel. 0521\/545-3195<br \/>Sarah Siedschlag (SI), Tel. 0521\/545-3021<br \/>Michael K\u00f6tter (MK), Tel. 0521\/545-3022<br \/>Hella Christoph (HC), Tel. 0521\/545-3023<br \/>Fabian Rickel (FR), Tel. 0521\/545-3024<br \/>Caroline Steffen (CS), Tel. 0521\/545-3026<br \/>Lukas Reker (LR), Tel. 0521\/545-3222<br \/>Jan Grote (JG), Tel. 0521\/545-3235<\/p>\n<p>E-Mail: <a href=\"https:\/\/www.presseportal.de\/blaulicht\/pm\/12522\/mailto: pressestelle.bielefeld@polizei.nrw.de\" class=\"uri-mailto\" rel=\"nofollow noopener\" target=\"_blank\"> pressestelle.bielefeld@polizei.nrw.de<\/a><br \/><a target=\"_blank\" class=\"uri-ext outbound\" rel=\"noopener nofollow\" href=\"https:\/\/bielefeld.polizei.nrw\/\">https:\/\/bielefeld.polizei.nrw\/<\/a><\/p>\n<p>Au\u00dferhalb der B\u00fcrodienstzeit: Leitstelle, Tel. 0521\/545-0<\/p>\n<p class=\"originator\">Original-Content von: Polizei Bielefeld, \u00fcbermittelt durch news aktuell<\/p>\n","protected":false},"excerpt":{"rendered":"25.07.2025 \u2013 10:25 Polizei Bielefeld Bielefeld (ots) HC\/ Bielefeld- Schildesche- Eine Fahrzeugkontrolle am Donnerstag, 24.07.2025, brachte ans Licht,&hellip;\n","protected":false},"author":2,"featured_media":108,"comment_status":"","ping_status":"","sticky":false,"template":"","format":"standard","meta":{"footnotes":""},"categories":[1841],"tags":[1605,3364,29,30,177,1209,176,121,178,180,179,181],"class_list":{"0":"post-292417","1":"post","2":"type-post","3":"status-publish","4":"format-standard","5":"has-post-thumbnail","7":"category-bielefeld","8":"tag-bielefeld","9":"tag-de","10":"tag-deutschland","11":"tag-germany","12":"tag-kriminalitt","13":"tag-nordrhein-westfalen","14":"tag-nrw","15":"tag-polizei","16":"tag-presse","17":"tag-pressemeldung","18":"tag-pressemitteilung","19":"tag-pressemitteilungen"},"share_on_mastodon":{"url":"https:\/\/pubeurope.com\/@de\/114912964318602813","error":""},"_links":{"self":[{"href":"https:\/\/www.europesays.com\/de\/wp-json\/wp\/v2\/posts\/292417","targetHints":{"allow":["GET"]}}],"collection":[{"href":"https:\/\/www.europesays.com\/de\/wp-json\/wp\/v2\/posts"}],"about":[{"href":"https:\/\/www.europesays.com\/de\/wp-json\/wp\/v2\/types\/post"}],"author":[{"embeddable":true,"href":"https:\/\/www.europesays.com\/de\/wp-json\/wp\/v2\/users\/2"}],"replies":[{"embeddable":true,"href":"https:\/\/www.europesays.com\/de\/wp-json\/wp\/v2\/comments?post=292417"}],"version-history":[{"count":0,"href":"https:\/\/www.europesays.com\/de\/wp-json\/wp\/v2\/posts\/292417\/revisions"}],"wp:featuredmedia":[{"embeddable":true,"href":"https:\/\/www.europesays.com\/de\/wp-json\/wp\/v2\/media\/108"}],"wp:attachment":[{"href":"https:\/\/www.europesays.com\/de\/wp-json\/wp\/v2\/media?parent=292417"}],"wp:term":[{"taxonomy":"category","embeddable":true,"href":"https:\/\/www.europesays.com\/de\/wp-json\/wp\/v2\/categories?post=292417"},{"taxonomy":"post_tag","embeddable":true,"href":"https:\/\/www.europesays.com\/de\/wp-json\/wp\/v2\/tags?post=292417"}],"curies":[{"name":"wp","href":"https:\/\/api.w.org\/{rel}","templated":true}]}}