{"id":292442,"date":"2025-07-25T08:50:13","date_gmt":"2025-07-25T08:50:13","guid":{"rendered":"https:\/\/www.europesays.com\/de\/292442\/"},"modified":"2025-07-25T08:50:13","modified_gmt":"2025-07-25T08:50:13","slug":"zigaretten-und-rauschgift-bei-einreisen-nach-deutschland-sichergestellt","status":"publish","type":"post","link":"https:\/\/www.europesays.com\/de\/292442\/","title":{"rendered":"Zigaretten und Rauschgift bei Einreisen nach Deutschland sichergestellt"},"content":{"rendered":"<p>            <a href=\"https:\/\/lokalklick.eu\/wp-content\/uploads\/2025\/07\/DU_ZollhuendinFrieda.jpg\" data-caption=\"Zollh\u00fcndin Frieda (Foto: Hauptzollamt Duisburg)\" rel=\"nofollow noopener\" target=\"_blank\"><img loading=\"lazy\" decoding=\"async\" width=\"696\" height=\"487\" class=\"entry-thumb td-modal-image\" src=\"https:\/\/www.europesays.com\/de\/wp-content\/uploads\/2025\/07\/DU_ZollhuendinFrieda-696x487.jpg\"   alt=\"\" title=\"Quelle: Hauptzollamt Duisburg, Zollh\u00fcndin Frieda\"\/><\/a>Zollh\u00fcndin Frieda (Foto: Hauptzollamt Duisburg)<br \/>\n            Anzeigen<a href=\"https:\/\/www.mheg-containershop.de\/\" target=\"_blank\" rel=\"nofollow noopener\"><img decoding=\"async\" src=\"https:\/\/www.europesays.com\/de\/wp-content\/uploads\/2025\/04\/MH_Anzeige_Container_1456x180.jpg\"\/><\/a><\/p>\n<p>\n<a href=\"https:\/\/www.rugana.de\/de\/Mecklenburg-Vorpommern\/Insel.Ruegen\/D41\" target=\"_blank\" rel=\"nofollow noopener\"><img decoding=\"async\" src=\"https:\/\/www.europesays.com\/de\/wp-content\/uploads\/2025\/04\/FeWo-Dranske-2-1456.jpg\"\/><\/a><\/p>\n<p><\/p>\n<p><strong>Duisburg\/Kreis Kleve.<\/strong>\u00a0Bei einer Routinekontrolle am 04.07.2025 wurde ein aus den Niederlanden einreisender Pkw durch die Z\u00f6llner der Kontrolleinheit Verkehrswege Emmerich kontrolliert. In H\u00f6he des Grenz\u00fcbergangs Goch auf der Bundesautobahn A 57 setzten die Einsatzkr\u00e4fte das Anhaltesignal, um den Pkw einer Kontrolle zuzuf\u00fchren. Die Frage, ob verbotene Gegenst\u00e4nde (z. B. Rauschgift oder Waffen) bzw. steuerpflichtige Waren eingef\u00fchrt werden, wurde durch den 29-j\u00e4hrigen Fahrer verneint.<\/p>\n<p>Bei der Kontrolle des Pkw stellten die Z\u00f6llner jedoch schnell fest, dass der Mann im Kofferraum drei Kartons transportierte, welche mit jeweils 50 Stangen Zigaretten bef\u00fcllt waren. Diese seien f\u00fcr den Eigenbedarf gab der Mann an. In der Summe konnten die Z\u00f6llner 30.000 St\u00fcck unversteuerte Zigaretten sicherstellen. Vor Ort wurde gegen den Mann nach erfolgter Belehrung ein Steuerstrafverfahren eingeleitet. Der m\u00f6gliche Steuerschaden bel\u00e4uft sich auf ca. 8.000 Euro.<\/p>\n<p>Bei einer Kontrolle am 06.07.2025 \u00fcberpr\u00fcften die Z\u00f6llner der Kontrolleinheit Verkehrswege einen Pkw, der ebenfalls aus den Niederlanden einreiste. Der Pkw wurde bei der Einreise \u00fcber die Bundesstra\u00dfe 9 in H\u00f6he Kranenburg \u00fcberpr\u00fcft. Die Z\u00f6llner befragten die beiden M\u00e4nner (28 und 20 Jahre alt), ob sie verbotene Gegenst\u00e4nde oder steuerpflichtige Waren mit sich f\u00fchren. Beide Personen verneinten die Frage.<\/p>\n<p>Ein durchgef\u00fchrter Drogenwischtest an den H\u00e4nden der beiden Beteiligten verlief positiv auf Amphetamin und Kokain. Bei der Kontrolle des Pkws kam Zollh\u00fcndin Frieda zum Einsatz. Sie schn\u00fcffelte den Pkw ab und zeigte im Innenraum am Armaturenbrett durch starres Verhalten das m\u00f6gliche Vorhandensein von Rauschgift an. Nach Entfernung der Verblendung stellten die Z\u00f6llner eine Vielfalt an Bet\u00e4ubungsmitteln fest, die auf kleinere Verpackungen verteilt waren. Sie sicherten \u00fcber ein Kilogramm Amphetamin, knapp 200 Gramm Marihuana, \u00fcber 50 Gramm Ecstasy sowie weitere Kleinmengen Kokain und synthetische Drogen.<\/p>\n<p>Der 28-J\u00e4hrige und der 20-J\u00e4hrige wurden wegen des Verdachts des Rauschgiftschmuggels vorl\u00e4ufig festgenommen. Gegen die Personen beantragte die Staatsanwaltschaft Kleve Haftbefehle, die durch das Amtsgericht Kleve erlassen wurden. In beiden F\u00e4llen werden die weiteren Ermittlungen durch das Zollfahndungsamt Essen gef\u00fchrt. Auf Grund der laufenden Ermittlungen k\u00f6nnen derzeit keine zus\u00e4tzlichen Angaben gemacht werden. (ots)<\/p>\n","protected":false},"excerpt":{"rendered":"Zollh\u00fcndin Frieda (Foto: Hauptzollamt Duisburg) Anzeigen Duisburg\/Kreis Kleve.\u00a0Bei einer Routinekontrolle am 04.07.2025 wurde ein aus den Niederlanden einreisender&hellip;\n","protected":false},"author":2,"featured_media":292443,"comment_status":"","ping_status":"","sticky":false,"template":"","format":"standard","meta":{"footnotes":""},"categories":[2],"tags":[331,3924,332,3922,3364,29,30,13,14,3923,15,3921,12],"class_list":{"0":"post-292442","1":"post","2":"type-post","3":"status-publish","4":"format-standard","5":"has-post-thumbnail","7":"category-deutschland","8":"tag-aktuelle-nachrichten","9":"tag-aktuelle-nachrichten-aus-deutschland","10":"tag-aktuelle-news","11":"tag-aktuelle-news-aus-deutschland","12":"tag-de","13":"tag-deutschland","14":"tag-germany","15":"tag-headlines","16":"tag-nachrichten","17":"tag-nachrichten-aus-deutschland","18":"tag-news","19":"tag-news-aus-deutschland","20":"tag-schlagzeilen"},"share_on_mastodon":{"url":"https:\/\/pubeurope.com\/@de\/114913019434184576","error":""},"_links":{"self":[{"href":"https:\/\/www.europesays.com\/de\/wp-json\/wp\/v2\/posts\/292442","targetHints":{"allow":["GET"]}}],"collection":[{"href":"https:\/\/www.europesays.com\/de\/wp-json\/wp\/v2\/posts"}],"about":[{"href":"https:\/\/www.europesays.com\/de\/wp-json\/wp\/v2\/types\/post"}],"author":[{"embeddable":true,"href":"https:\/\/www.europesays.com\/de\/wp-json\/wp\/v2\/users\/2"}],"replies":[{"embeddable":true,"href":"https:\/\/www.europesays.com\/de\/wp-json\/wp\/v2\/comments?post=292442"}],"version-history":[{"count":0,"href":"https:\/\/www.europesays.com\/de\/wp-json\/wp\/v2\/posts\/292442\/revisions"}],"wp:featuredmedia":[{"embeddable":true,"href":"https:\/\/www.europesays.com\/de\/wp-json\/wp\/v2\/media\/292443"}],"wp:attachment":[{"href":"https:\/\/www.europesays.com\/de\/wp-json\/wp\/v2\/media?parent=292442"}],"wp:term":[{"taxonomy":"category","embeddable":true,"href":"https:\/\/www.europesays.com\/de\/wp-json\/wp\/v2\/categories?post=292442"},{"taxonomy":"post_tag","embeddable":true,"href":"https:\/\/www.europesays.com\/de\/wp-json\/wp\/v2\/tags?post=292442"}],"curies":[{"name":"wp","href":"https:\/\/api.w.org\/{rel}","templated":true}]}}