{"id":292751,"date":"2025-07-25T11:44:14","date_gmt":"2025-07-25T11:44:14","guid":{"rendered":"https:\/\/www.europesays.com\/de\/292751\/"},"modified":"2025-07-25T11:44:14","modified_gmt":"2025-07-25T11:44:14","slug":"borbecker-schlossparkfest-feiert-sein-40-jubilaeum","status":"publish","type":"post","link":"https:\/\/www.europesays.com\/de\/292751\/","title":{"rendered":"Borbecker Schlossparkfest feiert sein 40. Jubil\u00e4um"},"content":{"rendered":"<p>Von Freitag bis Sonntag <\/p>\n<p>Borbecker Schlossparkfest l\u00e4dt zum 40. Jubil\u00e4um<\/p>\n<p>25.07.2025 &#8211; 13:10 UhrLesedauer: 1 Min.<\/p>\n<p><a href=\"#focus-0\" class=\"transition-colors duration-200 focus-within:text-magenta block text-current relative\" data-sctrack=\"FocusGalleryImage.Reference\"><img fetchpriority=\"high\" data-testid=\"Opener.Image\" style=\"--lqipURL:url('https:\/\/images.t-online.de\/2025\/07\/7fKcVf9MRcdZ\/0x127:4000x2250\/fit-in\/150x0\/filters:blur(25)\/image.jpg')\"   loading=\"eager\" src=\"https:\/\/www.europesays.com\/de\/wp-content\/uploads\/2025\/07\/1753443854_569_image.jpg\" alt=\"Essen\" title=\"Essen\" width=\"4000\" height=\"2250\" class=\"bg-[url:var(--lqipURL)] bg-cover bg-center flex h-full w-full max-w-full\" decoding=\"async\"\/><img style=\"--width:32;--height:32\" loading=\"lazy\" src=\"https:\/\/www.t-online.de\/s\/paper\/_next\/static\/media\/zoom-in.f7dae02f.svg\" alt=\"Vergr\u00f6\u00dfern des Bildes\" title=\"Vergr\u00f6\u00dfern des Bildes\" class=\"block h-[calc(var(--height)_\/_16_*_1rem)] w-[calc(var(--width)_\/_16_*_1rem)] max-w-none absolute bottom-8 right-8 rounded-4 bg-snow p-8\" decoding=\"async\"\/><\/a><\/p>\n<p>Das Schlossparkfestival in Borbeck lockt j\u00e4hrlich zahlreiche Besucher an. In diesem Jahr feiert das Event sein 40. Bestehen. (Quelle: Kerstin Kokoska\/imago-images-bilder)<\/p>\n<p class=\"font-bold text-18 leading-17\">Von Freitag bis Sonntag verwandelt sich der Schlosspark in Essen-Borbeck wieder zur Eventlocation. Zum 40. Jubil\u00e4um gibt es sogar ein besonderes Highlight. Alle Infos.<\/p>\n<p class=\"text-18 leading-17\">Das Schlossparkfest in Essen-Borbeck feiert vom 25. bis 27. Juli 2025 sein 40-j\u00e4hriges Bestehen. Das Fest zieht j\u00e4hrlich viele Besucher an, die das besondere Flair und die historische Kulisse genie\u00dfen.<\/p>\n<p class=\"text-18 leading-17\">Das diesj\u00e4hrige Programm ist vielf\u00e4ltig und familienfreundlich, wie der Veranstalter auf seiner Homepage mitteilt. Der Historische Jahrmarkt bietet nostalgische Fahrgesch\u00e4fte und Buden. Zwei Bierg\u00e4rten laden mit Live-Musik von Schlager bis Rock\u2019n\u2019Roll zum Verweilen ein. Neu ist der Steampunk-Tag am Sonntag.<\/p>\n<p class=\"text-18 leading-17\">Die Hauptb\u00fchne &#8222;Biergarten Rendschmidt&#8220; wird am Freitag von Oberb\u00fcrgermeister Thomas Kufen er\u00f6ffnet. Die &#8222;Diana Stern Partyband&#8220; sorgt dort bis Samstag f\u00fcr Stimmung. Am Sonntag findet eine gro\u00dfe Schlager-Party statt, bei der K\u00fcnstler wie Pierre Andr\u00e9 und Franco Corleone auftreten.<\/p>\n<p class=\"text-18 leading-17\">Auf der B\u00fchne &#8222;Zum Ritter&#8220; gibt es am Wochenende Musik von Bands wie &#8222;2night&#8220; und &#8222;PRESTIGE&#8220;. Am Sonntag tritt &#8222;JUKEBOXX Entertainment&#8220;auf.<\/p>\n<p class=\"text-18 leading-17\">Ein Highlight des Jubil\u00e4ums ist der Steampunk-Tag mit fantasievollen K\u00fcnstlern, Walk-Acts und Mitmachaktionen f\u00fcr Kinder, darunter ein Zirkus-Workshop. Steampunk ist eine Stilrichtung, bei der futuristische Elemente mit Technologien und Elementen vergangener Epochen vermischt werden.<\/p>\n<p class=\"text-18 leading-17\">Der Historische Jahrmarkt bringt zudem Nostalgie in den Park mit dem \u00e4ltesten Riesenrad Deutschlands und anderen traditionellen Fahrgesch\u00e4ften.<\/p>\n","protected":false},"excerpt":{"rendered":"Von Freitag bis Sonntag Borbecker Schlossparkfest l\u00e4dt zum 40. Jubil\u00e4um 25.07.2025 &#8211; 13:10 UhrLesedauer: 1 Min. Das Schlossparkfestival&hellip;\n","protected":false},"author":2,"featured_media":292752,"comment_status":"","ping_status":"","sticky":false,"template":"","format":"standard","meta":{"footnotes":""},"categories":[1834],"tags":[49294,3364,29,3688,25755,30,8659,3009,1209,176,3856,970,85895,85896],"class_list":{"0":"post-292751","1":"post","2":"type-post","3":"status-publish","4":"format-standard","5":"has-post-thumbnail","7":"category-essen","8":"tag-borbeck-mitte","9":"tag-de","10":"tag-deutschland","11":"tag-essen","12":"tag-eventlocation","13":"tag-germany","14":"tag-highlight","15":"tag-jubilaeum","16":"tag-nordrhein-westfalen","17":"tag-nrw","18":"tag-ruhrgebiet","19":"tag-schlager","20":"tag-schlossparkfest","21":"tag-schlossparkfestival"},"share_on_mastodon":{"url":"https:\/\/pubeurope.com\/@de\/114913703826618816","error":""},"_links":{"self":[{"href":"https:\/\/www.europesays.com\/de\/wp-json\/wp\/v2\/posts\/292751","targetHints":{"allow":["GET"]}}],"collection":[{"href":"https:\/\/www.europesays.com\/de\/wp-json\/wp\/v2\/posts"}],"about":[{"href":"https:\/\/www.europesays.com\/de\/wp-json\/wp\/v2\/types\/post"}],"author":[{"embeddable":true,"href":"https:\/\/www.europesays.com\/de\/wp-json\/wp\/v2\/users\/2"}],"replies":[{"embeddable":true,"href":"https:\/\/www.europesays.com\/de\/wp-json\/wp\/v2\/comments?post=292751"}],"version-history":[{"count":0,"href":"https:\/\/www.europesays.com\/de\/wp-json\/wp\/v2\/posts\/292751\/revisions"}],"wp:featuredmedia":[{"embeddable":true,"href":"https:\/\/www.europesays.com\/de\/wp-json\/wp\/v2\/media\/292752"}],"wp:attachment":[{"href":"https:\/\/www.europesays.com\/de\/wp-json\/wp\/v2\/media?parent=292751"}],"wp:term":[{"taxonomy":"category","embeddable":true,"href":"https:\/\/www.europesays.com\/de\/wp-json\/wp\/v2\/categories?post=292751"},{"taxonomy":"post_tag","embeddable":true,"href":"https:\/\/www.europesays.com\/de\/wp-json\/wp\/v2\/tags?post=292751"}],"curies":[{"name":"wp","href":"https:\/\/api.w.org\/{rel}","templated":true}]}}