{"id":292821,"date":"2025-07-25T12:21:58","date_gmt":"2025-07-25T12:21:58","guid":{"rendered":"https:\/\/www.europesays.com\/de\/292821\/"},"modified":"2025-07-25T12:21:58","modified_gmt":"2025-07-25T12:21:58","slug":"workshops-fuer-azubis-handwerkskammer-halle-saale","status":"publish","type":"post","link":"https:\/\/www.europesays.com\/de\/292821\/","title":{"rendered":"Workshops f\u00fcr Azubis \u00bb Handwerkskammer Halle (Saale)"},"content":{"rendered":"<p>In den Herbstmonaten findet f\u00fcr Auszubildende die Online-Veranstaltungsreihe \u201eKickstart Your Career\u201c statt. Die Veranstaltungsreihe vermittelt wichtige F\u00e4higkeiten rund um Berufseinstieg, Kommunikation und Selbstorganisation.<\/p>\n<p>24. Juli 2025<\/p>\n<p><img fetchpriority=\"high\" decoding=\"async\" width=\"2560\" height=\"1703\" src=\"https:\/\/www.europesays.com\/de\/wp-content\/uploads\/2025\/07\/mechatronikerfuerkaeltetechnik_azubi-2-scaled.jpg\" alt=\"K\u00e4ltemechatroniker-Azubi wird von Ausbilder angeleitet\" class=\"wp-image-1180962\" style=\"aspect-ratio:16\/9;object-fit:cover\"  \/>amh-online\/Falk Heller<\/p>\n<p>Der \u00dcbergang von der Schule in die Ausbildung ist f\u00fcr junge Menschen nicht immer leicht. In der Ausbildungszeit m\u00fcssen sie sich wom\u00f6glich das erste Mal richtig bewerben, sich das erste Mal in der Berufswelt behaupten, lernen, ihre Zeit sinnvoll zu managen und Konflikte konstruktiv zu l\u00f6sen. Das kann mitunter viel Druck ausl\u00f6sen. Um Auszubildenden in dieser fordernden Zeit Orientierung zu geben, bieten die vier gewerblichen Kammern Sachsen-Anhalts, die Handwerkskammer Halle, die Handwerkskammer Magdeburg, die Industrie- und Handelskammer Halle-Dessau und die Industrie- und Handelskammer Magdeburg, \u00fcber alle Ausbildungsjahre hinweg die Online-Veranstaltungsreihe<strong> \u201e<\/strong>Kickstart Your Career<strong>\u201c<\/strong> an. <\/p>\n<p>Ziel der Online-Veranstaltungsreihe ist es, die Auszubildenden fit f\u00fcr die Anspr\u00fcche der Arbeitswelt zu machen. Die Veranstaltungsreihe besteht aus sechs interaktive Impulsvortr\u00e4ge zu unterschiedlichen Themengebieten, in denen die Auszubildenden Fragen stellen und Strategien f\u00fcr ihren Arbeitsalltag erarbeiten k\u00f6nnen. <strong>Bei Interesse an einer der Veranstaltungen bitten wir um eine Anmeldung<\/strong>.<\/p>\n<p>Alle Veranstaltungen auf einen Blick (bitte jeweils reinklicken):<\/p>\n<p><img loading=\"lazy\" decoding=\"async\" width=\"2560\" height=\"731\" src=\"https:\/\/www.europesays.com\/de\/wp-content\/uploads\/2025\/07\/250618_Logoleiste-BMFTR-und-Bildungsketten-scaled.png\" alt=\"Logo Bildungsketten\" class=\"wp-image-1173424\" style=\"width:1024px;height:auto\"  \/><\/p>\n","protected":false},"excerpt":{"rendered":"In den Herbstmonaten findet f\u00fcr Auszubildende die Online-Veranstaltungsreihe \u201eKickstart Your Career\u201c statt. Die Veranstaltungsreihe vermittelt wichtige F\u00e4higkeiten rund&hellip;\n","protected":false},"author":2,"featured_media":268586,"comment_status":"","ping_status":"","sticky":false,"template":"","format":"standard","meta":{"footnotes":""},"categories":[1860],"tags":[3364,29,548,663,3934,30,4062,17332,13,14,15,17331,860,12],"class_list":{"0":"post-292821","1":"post","2":"type-post","3":"status-publish","4":"format-standard","5":"has-post-thumbnail","7":"category-halle-saale","8":"tag-de","9":"tag-deutschland","10":"tag-eu","11":"tag-europa","12":"tag-europe","13":"tag-germany","14":"tag-halle","15":"tag-halle-saale","16":"tag-headlines","17":"tag-nachrichten","18":"tag-news","19":"tag-saale","20":"tag-sachsen-anhalt","21":"tag-schlagzeilen"},"share_on_mastodon":{"url":"https:\/\/pubeurope.com\/@de\/114913853050791305","error":""},"_links":{"self":[{"href":"https:\/\/www.europesays.com\/de\/wp-json\/wp\/v2\/posts\/292821","targetHints":{"allow":["GET"]}}],"collection":[{"href":"https:\/\/www.europesays.com\/de\/wp-json\/wp\/v2\/posts"}],"about":[{"href":"https:\/\/www.europesays.com\/de\/wp-json\/wp\/v2\/types\/post"}],"author":[{"embeddable":true,"href":"https:\/\/www.europesays.com\/de\/wp-json\/wp\/v2\/users\/2"}],"replies":[{"embeddable":true,"href":"https:\/\/www.europesays.com\/de\/wp-json\/wp\/v2\/comments?post=292821"}],"version-history":[{"count":0,"href":"https:\/\/www.europesays.com\/de\/wp-json\/wp\/v2\/posts\/292821\/revisions"}],"wp:featuredmedia":[{"embeddable":true,"href":"https:\/\/www.europesays.com\/de\/wp-json\/wp\/v2\/media\/268586"}],"wp:attachment":[{"href":"https:\/\/www.europesays.com\/de\/wp-json\/wp\/v2\/media?parent=292821"}],"wp:term":[{"taxonomy":"category","embeddable":true,"href":"https:\/\/www.europesays.com\/de\/wp-json\/wp\/v2\/categories?post=292821"},{"taxonomy":"post_tag","embeddable":true,"href":"https:\/\/www.europesays.com\/de\/wp-json\/wp\/v2\/tags?post=292821"}],"curies":[{"name":"wp","href":"https:\/\/api.w.org\/{rel}","templated":true}]}}