{"id":293627,"date":"2025-07-25T19:35:19","date_gmt":"2025-07-25T19:35:19","guid":{"rendered":"https:\/\/www.europesays.com\/de\/293627\/"},"modified":"2025-07-25T19:35:19","modified_gmt":"2025-07-25T19:35:19","slug":"news-zu-nahost-grossbritannien-frankreich-und-deutschland-fordern-waffenstillstand-in-gaza-politik","status":"publish","type":"post","link":"https:\/\/www.europesays.com\/de\/293627\/","title":{"rendered":"News zu Nahost: Gro\u00dfbritannien, Frankreich und Deutschland fordern Waffenstillstand in Gaza &#8211; Politik"},"content":{"rendered":"<p>Mehrere Politiker \u00fcben Kritik an Israels Vorgehen im Gazastreifen &#8211; Merz und Macron fordern Waffenstillstand einzuleiten<strong>Bundeskanzler Friedrich Merz<\/strong> und <strong>Frankreichs Pr\u00e4sident Emmanuel Macron<\/strong> haben die israelische Regierung nach Angaben von Regierungssprecher Stefan Kornelius mit Blick auf den Gazastreifen aufgefordert, &#8222;einen Waffenstillstand sofort einzuleiten&#8220; und umgehend die humanit\u00e4re Versorgung der pal\u00e4stinensischen Zivilbev\u00f6lkerung sicherzustellen. Beide h\u00e4tten bei ihrem Gespr\u00e4ch in Berlin am Abend ihre tiefe Besorgnis \u00fcber die Situation im Gazastreifen zum Ausdruck gebracht. <\/p>\n<p>Einem Bericht des Spiegels zufolge w\u00e4chst im <strong>Ausw\u00e4rtigen Amt<\/strong> der Wunsch nach einer h\u00e4rteren Israel-Politik der Bundesregierung. Etwa 130 vor allem j\u00fcngere Diplomaten h\u00e4tten sich zu einer Gruppe zusammengeschlossen, die eine deutlichere Kritik an der israelischen Regierung fordert. Ein Sprecher des Ministeriums best\u00e4tigte die Existenz der Gruppe am Abend. Es gebe auch Planungen f\u00fcr ein Treffen mit Au\u00dfenminister Johann Wadephul (CDU).<\/p>\n<p>F\u00fcr das deutsche Au\u00dfenministerium ist die Bildung einer solchen Gruppe eher ungew\u00f6hnlich. In den vergangenen Wochen ist jedoch auch in der schwarz-roten Koalition die Forderung lauter geworden, dass die Bundesregierung angesichts der immer weiter wachsenden Zahl an Toten unter der pal\u00e4stinensischen Zivilbev\u00f6lkerung h\u00e4rter mit der israelischen Regierung umgehen sollte. Zuletzt hatten Entwicklungsministerin Reem Alabali Radovan (SPD) und SPD-Fraktionschef Matthias Miersch gefordert, dass Deutschland eine etwa von Frankreich und Gro\u00dfbritannien mitgetragene Erkl\u00e4rung unterzeichnen solle, in der ein Ende des Gazakrieges gefordert wird.\u00a0 <\/p>\n<p>Auch aus der SPD kommt weiter die Forderung, dass sich Deutschland dem Papier anderer Staaten anschlie\u00dft, in dem von Israel ein Ende des Gazakriegs verlangt wird. <strong>SPD-Generalsekret\u00e4r Tim Kl\u00fcssendorf<\/strong> sagte am Mittwoch auf &#8222;WELT TV&#8220;, seine Partei habe \u00fcber Monate Israels Handeln im Gazastreifen kritisiert. Das habe aber keine Wirkung gehabt. &#8222;Deswegen glaube ich schon, dass, wenn L\u00e4nder wie Frankreich oder Gro\u00dfbritannien so eine Erkl\u00e4rung unterschreiben, man sich die Frage stellen muss, warum Deutschland sie nicht unterzeichnet. Denn uns alle muss ja bewegen, dass dieses Leiden ein Ende hat. Und deswegen w\u00fcrde ich mich freuen, wenn wir auch solche internationalen Aktivit\u00e4ten unterst\u00fctzen.&#8220; Die SPD stehe aber auch zum israelischen Staat. &#8222;Das ist unstrittig.&#8220; <\/p>\n<p><strong>Gr\u00fcnen-Fraktionschefin Katharina Dr\u00f6ge<\/strong> fordert von der Bundesregierung einen h\u00e4rteren Kurs gegen\u00fcber Israel wegen dessen Vorgehens im Gazastreifen. Im Redaktionsnetzwerk Deutschland (RND) sprach sich Dr\u00f6ge f\u00fcr Sanktionen gegen die israelischen Minister Bezalel Smotrich und Itamar Ben-Gvir aus. \u201eBeide rufen ganz offen zu Gewalt gegen die pal\u00e4stinensische Zivilbev\u00f6lkerung und zu Vertreibung auf und unterst\u00fctzen den v\u00f6lkerrechtswidrigen Siedlungsbau in der Westbank. Hier ist eine klare Haltung der Bundesregierung gefragt\u201c, sagte die Gr\u00fcnen-Politikerin.<\/p>\n","protected":false},"excerpt":{"rendered":"Mehrere Politiker \u00fcben Kritik an Israels Vorgehen im Gazastreifen &#8211; Merz und Macron fordern Waffenstillstand einzuleitenBundeskanzler Friedrich Merz&hellip;\n","protected":false},"author":2,"featured_media":293628,"comment_status":"","ping_status":"","sticky":false,"template":"","format":"standard","meta":{"footnotes":""},"categories":[2],"tags":[331,3924,332,3922,499,3364,29,739,738,30,410,13,18544,345,411,577,148,7296,409,14,3923,5796,581,15,3921,2548,16,42691,12,149,58,64,12184],"class_list":{"0":"post-293627","1":"post","2":"type-post","3":"status-publish","4":"format-standard","5":"has-post-thumbnail","7":"category-deutschland","8":"tag-aktuelle-nachrichten","9":"tag-aktuelle-nachrichten-aus-deutschland","10":"tag-aktuelle-news","11":"tag-aktuelle-news-aus-deutschland","12":"tag-benjamin-netanjahu","13":"tag-de","14":"tag-deutschland","15":"tag-gaza","16":"tag-gazastreifen","17":"tag-germany","18":"tag-hamas","19":"tag-headlines","20":"tag-hisbollah","21":"tag-iran","22":"tag-israel","23":"tag-krieg-in-nahost","24":"tag-leserdiskussion","25":"tag-libanon","26":"tag-marco-rubio","27":"tag-nachrichten","28":"tag-nachrichten-aus-deutschland","29":"tag-naher-osten","30":"tag-nahostkonflikt","31":"tag-news","32":"tag-news-aus-deutschland","33":"tag-palaestina","34":"tag-politik","35":"tag-proteste-zum-nahostkonflikt","36":"tag-schlagzeilen","37":"tag-sueddeutsche-zeitung","38":"tag-syrien","39":"tag-usa","40":"tag-westjordanland"},"share_on_mastodon":{"url":"","error":"Validation failed: Text character limit of 500 exceeded"},"_links":{"self":[{"href":"https:\/\/www.europesays.com\/de\/wp-json\/wp\/v2\/posts\/293627","targetHints":{"allow":["GET"]}}],"collection":[{"href":"https:\/\/www.europesays.com\/de\/wp-json\/wp\/v2\/posts"}],"about":[{"href":"https:\/\/www.europesays.com\/de\/wp-json\/wp\/v2\/types\/post"}],"author":[{"embeddable":true,"href":"https:\/\/www.europesays.com\/de\/wp-json\/wp\/v2\/users\/2"}],"replies":[{"embeddable":true,"href":"https:\/\/www.europesays.com\/de\/wp-json\/wp\/v2\/comments?post=293627"}],"version-history":[{"count":0,"href":"https:\/\/www.europesays.com\/de\/wp-json\/wp\/v2\/posts\/293627\/revisions"}],"wp:featuredmedia":[{"embeddable":true,"href":"https:\/\/www.europesays.com\/de\/wp-json\/wp\/v2\/media\/293628"}],"wp:attachment":[{"href":"https:\/\/www.europesays.com\/de\/wp-json\/wp\/v2\/media?parent=293627"}],"wp:term":[{"taxonomy":"category","embeddable":true,"href":"https:\/\/www.europesays.com\/de\/wp-json\/wp\/v2\/categories?post=293627"},{"taxonomy":"post_tag","embeddable":true,"href":"https:\/\/www.europesays.com\/de\/wp-json\/wp\/v2\/tags?post=293627"}],"curies":[{"name":"wp","href":"https:\/\/api.w.org\/{rel}","templated":true}]}}