{"id":293651,"date":"2025-07-25T19:49:15","date_gmt":"2025-07-25T19:49:15","guid":{"rendered":"https:\/\/www.europesays.com\/de\/293651\/"},"modified":"2025-07-25T19:49:15","modified_gmt":"2025-07-25T19:49:15","slug":"bueromarkt-in-essen-weniger-abschluesse-hoehere-mieten","status":"publish","type":"post","link":"https:\/\/www.europesays.com\/de\/293651\/","title":{"rendered":"B\u00fcromarkt in Essen: Weniger Abschl\u00fcsse, h\u00f6here Mieten"},"content":{"rendered":"<p>B\u00fcromarkt Essen: Nachfrage hoch, aber weniger Abschl\u00fcsse<\/p>\n<p>Nach einem dynamischen Jahresstart hat sich der Essener B\u00fcromarkt im zweiten Quartal sp\u00fcrbar abgek\u00fchlt. Das geht aus einer aktuellen Marktanalyse der BNP Paribas Real Estate hervor. Im ersten Halbjahr wurden insgesamt rund 34.000 Quadratmeter B\u00fcrofl\u00e4che neu vermietet. Das sind zwar drei Prozent mehr als im Vorjahr, aber rund 36 Prozent weniger als im langj\u00e4hrigen Durchschnitt. <\/p>\n<p>Gr\u00f6\u00dfter Mieter war erneut die Stadt Essen: Mit zwei gro\u00dfen Abschl\u00fcssen, darunter eine Anmietung \u00fcber 13.000 Quadratmeter, hat sie ma\u00dfgeblich zum Halbjahresumsatz beigetragen. Insgesamt gingen knapp die H\u00e4lfte aller vermieteten Fl\u00e4chen an \u00f6ffentliche Einrichtungen. Ein sehr hoher Wert im historischen Vergleich, schreiben die Immobilienexperten in einer Mitteilung.<\/p>\n<p>B\u00fcrofl\u00e4chen in Essen: Mittelgro\u00dfe Objekte im Fokus<\/p>\n<p>Besonders gefragt waren im ersten Halbjahr B\u00fcrofl\u00e4chen zwischen 1.000 und 2.000 Quadratmetern. Dieses sogenannte mittelgro\u00dfe Segment machte rund 21 Prozent des Gesamtmarkts aus &#8211; deutlich mehr als im Zehnjahresdurchschnitt. Kleine und mittlere Abschl\u00fcsse pr\u00e4gen weiterhin das Marktgeschehen in Essen. Trotz des verhaltenen Marktverlaufs steigen die Preise. Die Spitzenmiete in Essen kletterte auf 19 Euro pro Quadratmeter &#8211; vor allem im S\u00fcdviertel. Die Durchschnittsmiete stieg sogar um 21 Prozent auf 14,60 Euro. Grund daf\u00fcr ist vor allem der Nachfrage\u00fcberhang bei modernen und gut ausgestatteten B\u00fcrofl\u00e4chen.<\/p>\n<p>Leerstand in Essen: Altfl\u00e4chen nehmen zu, moderne Fl\u00e4chen knapp<\/p>\n<p>Der Gesamtleerstand auf dem Essener B\u00fcromarkt liegt derzeit bei rund 262.000 Quadratmetern. Das sind 16 Prozent mehr als im Vorjahr. Gleichzeitig ist der Leerstand moderner Fl\u00e4chen um rund 24 Prozent gesunken. Der Anteil moderner B\u00fcrofl\u00e4chen am gesamten Leerstand liegt nur noch bei 12 Prozent. Aktuell befinden sich rund 35.000 Quadratmeter B\u00fcrofl\u00e4che im Bau, 94 Prozent davon sind bereits vermietet.<\/p>\n<p>Immobilienexperten rechnen mit einer leichten Erholung im weiteren Jahresverlauf. Vor allem kleinere und mittelgro\u00dfe Abschl\u00fcsse sorgen derzeit f\u00fcr Stabilit\u00e4t. Ob das Jahresziel von rund 100.000 Quadratmetern Fl\u00e4chenumsatz erreicht wird, h\u00e4ngt auch von gr\u00f6\u00dferen Mietvertr\u00e4gen ab. Die Nachfrage nach modernen, ESG-konformen Fl\u00e4chen d\u00fcrfte weiter hoch bleiben bei gleichzeitig knapper werdendem Angebot.<\/p>\n<p>Mehr Nachrichten aus Essen<\/p>\n","protected":false},"excerpt":{"rendered":"B\u00fcromarkt Essen: Nachfrage hoch, aber weniger Abschl\u00fcsse Nach einem dynamischen Jahresstart hat sich der Essener B\u00fcromarkt im zweiten&hellip;\n","protected":false},"author":2,"featured_media":293652,"comment_status":"","ping_status":"","sticky":false,"template":"","format":"standard","meta":{"footnotes":""},"categories":[1834],"tags":[86082,86083,3275,4573,3364,29,3688,30,5331,1209,55],"class_list":{"0":"post-293651","1":"post","2":"type-post","3":"status-publish","4":"format-standard","5":"has-post-thumbnail","7":"category-essen","8":"tag-bromarkt","9":"tag-bromarktbericht","10":"tag-lokalnachrichten","11":"tag-stadt-essen","12":"tag-de","13":"tag-deutschland","14":"tag-essen","15":"tag-germany","16":"tag-immobilien","17":"tag-nordrhein-westfalen","18":"tag-wirtschaft"},"share_on_mastodon":{"url":"https:\/\/pubeurope.com\/@de\/114915610894344691","error":""},"_links":{"self":[{"href":"https:\/\/www.europesays.com\/de\/wp-json\/wp\/v2\/posts\/293651","targetHints":{"allow":["GET"]}}],"collection":[{"href":"https:\/\/www.europesays.com\/de\/wp-json\/wp\/v2\/posts"}],"about":[{"href":"https:\/\/www.europesays.com\/de\/wp-json\/wp\/v2\/types\/post"}],"author":[{"embeddable":true,"href":"https:\/\/www.europesays.com\/de\/wp-json\/wp\/v2\/users\/2"}],"replies":[{"embeddable":true,"href":"https:\/\/www.europesays.com\/de\/wp-json\/wp\/v2\/comments?post=293651"}],"version-history":[{"count":0,"href":"https:\/\/www.europesays.com\/de\/wp-json\/wp\/v2\/posts\/293651\/revisions"}],"wp:featuredmedia":[{"embeddable":true,"href":"https:\/\/www.europesays.com\/de\/wp-json\/wp\/v2\/media\/293652"}],"wp:attachment":[{"href":"https:\/\/www.europesays.com\/de\/wp-json\/wp\/v2\/media?parent=293651"}],"wp:term":[{"taxonomy":"category","embeddable":true,"href":"https:\/\/www.europesays.com\/de\/wp-json\/wp\/v2\/categories?post=293651"},{"taxonomy":"post_tag","embeddable":true,"href":"https:\/\/www.europesays.com\/de\/wp-json\/wp\/v2\/tags?post=293651"}],"curies":[{"name":"wp","href":"https:\/\/api.w.org\/{rel}","templated":true}]}}