{"id":293951,"date":"2025-07-25T22:31:27","date_gmt":"2025-07-25T22:31:27","guid":{"rendered":"https:\/\/www.europesays.com\/de\/293951\/"},"modified":"2025-07-25T22:31:27","modified_gmt":"2025-07-25T22:31:27","slug":"niedersachsen-bremen-frau-nach-autounfall-im-krankenhaus-gestorben","status":"publish","type":"post","link":"https:\/\/www.europesays.com\/de\/293951\/","title":{"rendered":"Niedersachsen &#038; Bremen: Frau nach Autounfall im Krankenhaus gestorben"},"content":{"rendered":"<p>                    Niedersachsen &amp; Bremen<br \/>\n                Frau nach Autounfall im Krankenhaus gestorben<\/p>\n<p>\t\t\t\t              25.07.2025, 14:01 Uhr<\/p>\n<p><strong>Bei einem Frontalzusammensto\u00df in Norddeich werden Anfang Juli zwei Frauen lebensgef\u00e4hrlich verletzt. Nun ist eines der Unfallopfer an ihren Verletzungen gestorben.<\/strong><\/p>\n<p>Norden (dpa\/lni) &#8211; Rund zweieinhalb Wochen nach einem Frontalzusammensto\u00df zweier Autos im ostfriesischen Norden bei Aurich ist eine Fahrzeuginsassin gestorben. Die 69-J\u00e4hrige sei bereits am Mittwoch ihren schweren Verletzungen in einem Krankenhaus erlegen, teilte die Polizei mit.<\/p>\n<p>Bei dem Unfall im beliebten Urlaubsort Norddeich war ein 69 Jahre alter Autofahrer mit drei Beifahrern in Richtung Deich unterwegs, als sein Wagen frontal mit einem entgegenkommenden Auto kollidierte. In dem Wagen sa\u00df auf der R\u00fcckbank die 69-J\u00e4hrige zusammen mit einer 68-J\u00e4hrigen. Beide wurden lebensgef\u00e4hrlich verletzt und mit Rettungshubschraubern in Krankenh\u00e4user gebracht. Am Steuer des anderen Fahrzeugs sa\u00df ein 56-j\u00e4hriger Mann, der allein unterwegs war.<\/p>\n","protected":false},"excerpt":{"rendered":"Niedersachsen &amp; Bremen Frau nach Autounfall im Krankenhaus gestorben 25.07.2025, 14:01 Uhr Bei einem Frontalzusammensto\u00df in Norddeich werden&hellip;\n","protected":false},"author":2,"featured_media":293952,"comment_status":"","ping_status":"","sticky":false,"template":"","format":"standard","meta":{"footnotes":""},"categories":[1824],"tags":[4904,2420,3364,29,126,30,3263,1411],"class_list":{"0":"post-293951","1":"post","2":"type-post","3":"status-publish","4":"format-standard","5":"has-post-thumbnail","7":"category-bremen","8":"tag-autounfall","9":"tag-bremen","10":"tag-de","11":"tag-deutschland","12":"tag-frau","13":"tag-germany","14":"tag-krankenhaus","15":"tag-niedersachsen"},"share_on_mastodon":{"url":"https:\/\/pubeurope.com\/@de\/114916247721580912","error":""},"_links":{"self":[{"href":"https:\/\/www.europesays.com\/de\/wp-json\/wp\/v2\/posts\/293951","targetHints":{"allow":["GET"]}}],"collection":[{"href":"https:\/\/www.europesays.com\/de\/wp-json\/wp\/v2\/posts"}],"about":[{"href":"https:\/\/www.europesays.com\/de\/wp-json\/wp\/v2\/types\/post"}],"author":[{"embeddable":true,"href":"https:\/\/www.europesays.com\/de\/wp-json\/wp\/v2\/users\/2"}],"replies":[{"embeddable":true,"href":"https:\/\/www.europesays.com\/de\/wp-json\/wp\/v2\/comments?post=293951"}],"version-history":[{"count":0,"href":"https:\/\/www.europesays.com\/de\/wp-json\/wp\/v2\/posts\/293951\/revisions"}],"wp:featuredmedia":[{"embeddable":true,"href":"https:\/\/www.europesays.com\/de\/wp-json\/wp\/v2\/media\/293952"}],"wp:attachment":[{"href":"https:\/\/www.europesays.com\/de\/wp-json\/wp\/v2\/media?parent=293951"}],"wp:term":[{"taxonomy":"category","embeddable":true,"href":"https:\/\/www.europesays.com\/de\/wp-json\/wp\/v2\/categories?post=293951"},{"taxonomy":"post_tag","embeddable":true,"href":"https:\/\/www.europesays.com\/de\/wp-json\/wp\/v2\/tags?post=293951"}],"curies":[{"name":"wp","href":"https:\/\/api.w.org\/{rel}","templated":true}]}}