{"id":293990,"date":"2025-07-25T22:54:18","date_gmt":"2025-07-25T22:54:18","guid":{"rendered":"https:\/\/www.europesays.com\/de\/293990\/"},"modified":"2025-07-25T22:54:18","modified_gmt":"2025-07-25T22:54:18","slug":"633-kinder-warten-auf-platz-in-einer-willkommensklasse","status":"publish","type":"post","link":"https:\/\/www.europesays.com\/de\/293990\/","title":{"rendered":"633 Kinder warten auf Platz in einer Willkommensklasse"},"content":{"rendered":"<p class=\"tspBWlv\">633 gefl\u00fcchtete Sch\u00fclerinnen und Sch\u00fcler warten in Berlin auf die Unterbringung in einer Willkommensklasse. Die meisten davon (151) stehen demnach im Bezirk Pankow auf der Warteliste. Das teilte die Senatsbildungsverwaltung in einer am Freitag ver\u00f6ffentlichten <a href=\"https:\/\/pardok.parlament-berlin.de\/starweb\/adis\/citat\/VT\/19\/SchrAnfr\/S19-23088.pdf\" target=\"_blank\" rel=\"noopener\" class=\"link link--external\" data-gtm-class=\"article-text-link\" data-gtm-val=\"external\" aria-describedby=\"message-target-blank\">Antwort auf eine Anfrage der Gr\u00fcnen-Fraktion im Abgeordnetenhaus<\/a> mit.<\/p>\n<p class=\"tspBWlv\">Eine Aussage \u00fcber die durchschnittliche Verweildauer von der Ankunft in Berlin bis zur Aufnahme in eine Willkommensklasse k\u00f6nne nicht getroffen werden. Zur Begr\u00fcndung hie\u00df es, der Senat verf\u00fcge \u00fcber keinen Zugriff auf die Datenlage, da die Angelegenheit in bezirklicher Zust\u00e4ndigkeit liege. Laut Bildungsverwaltung wurden mit Stand 1. Juni 2025 in Berlin 11.637 gefl\u00fcchtete Kinder und Jugendliche in einer Willkommensklasse unterrichtet.<\/p>\n<p class=\"tspBWlv\">Die Schul\u00e4mter und Koordinationsstellen seien bestrebt, \u201ejedem angemeldeten Kind oder Jugendlichen kurzfristig einen geeigneten Schulplatz zur Verf\u00fcgung zu stellen\u201c, hie\u00df es. Zus\u00e4tzlich unterst\u00fctze das Bildungsangebot \u201eFit f\u00fcr die Schule\u201c Sch\u00fclerinnen und Sch\u00fcler bereits vor der Aufnahme in eine Schule, beispielsweise beim Erlernen der deutschen Sprache.<\/p>\n<p> Mehr zum Thema <a href=\"https:\/\/www.tagesspiegel.de\/berlin\/gefluchtete-feiern-ihr-abitur-eine-berliner-schule-macht-vor-wie-integration-im-alltag-gelingt-14065034.html?icid=topic-list_14086850___\" data-gtm-class=\"article-mzt-link\" class=\"tspCOom\" target=\"_blank\" rel=\"noopener\">Gefl\u00fcchtete feiern ihr Abitur Eine Berliner Schule macht vor, wie Integration im Alltag gelingt <\/a><a href=\"https:\/\/www.tagesspiegel.de\/berlin\/fur-schulpflichtige-gefluchtete-in-berlin-umstrittene-willkommensschule-tempelhof-soll-114-millionen-euro-kosten-13060858.html?icid=topic-list_14086850___\" data-gtm-class=\"article-mzt-link\" class=\"tspCOom\" target=\"_blank\" rel=\"noopener\">F\u00fcr schulpflichtige Gefl\u00fcchtete in Berlin Umstrittene Willkommensschule Tempelhof soll 11,4 Millionen Euro kosten <\/a><a href=\"https:\/\/www.tagesspiegel.de\/berlin\/schulwege-von-bis-zu-15-kilometern-mehr-als-13000-kinder-und-jugendliche-leben-in-berlins-fluchtlingsunterkunften-13000561.html?icid=topic-list_14086850___\" data-gtm-class=\"article-mzt-link\" class=\"tspCOom\" target=\"_blank\" rel=\"noopener\">Schulwege von bis zu 15 Kilometern Mehr als 13.000 Kinder und Jugendliche leben in Berlins Fl\u00fcchtlingsunterk\u00fcnften <\/a><\/p>\n<p class=\"tspBWlv\">F\u00fcr einen z\u00fcgigen Wechsel von Willkommens- in Regelklassen sei die Deutschsprachkompetenz besonders ausschlaggebend. Au\u00dferdem seien neben den sprachlichen \u201eauch die fachlichen Kompetenzen der Sch\u00fclerinnen und Sch\u00fcler sowie ihr Arbeits- und Sozialverhalten zu ber\u00fccksichtigen.\u201c (epd)<\/p>\n","protected":false},"excerpt":{"rendered":"633 gefl\u00fcchtete Sch\u00fclerinnen und Sch\u00fcler warten in Berlin auf die Unterbringung in einer Willkommensklasse. Die meisten davon (151)&hellip;\n","protected":false},"author":2,"featured_media":293991,"comment_status":"","ping_status":"","sticky":false,"template":"","format":"standard","meta":{"footnotes":""},"categories":[1825],"tags":[296,29,30,530,966],"class_list":{"0":"post-293990","1":"post","2":"type-post","3":"status-publish","4":"format-standard","5":"has-post-thumbnail","7":"category-berlin","8":"tag-berlin","9":"tag-deutschland","10":"tag-germany","11":"tag-pankow","12":"tag-schule"},"share_on_mastodon":{"url":"https:\/\/pubeurope.com\/@de\/114916338467271213","error":""},"_links":{"self":[{"href":"https:\/\/www.europesays.com\/de\/wp-json\/wp\/v2\/posts\/293990","targetHints":{"allow":["GET"]}}],"collection":[{"href":"https:\/\/www.europesays.com\/de\/wp-json\/wp\/v2\/posts"}],"about":[{"href":"https:\/\/www.europesays.com\/de\/wp-json\/wp\/v2\/types\/post"}],"author":[{"embeddable":true,"href":"https:\/\/www.europesays.com\/de\/wp-json\/wp\/v2\/users\/2"}],"replies":[{"embeddable":true,"href":"https:\/\/www.europesays.com\/de\/wp-json\/wp\/v2\/comments?post=293990"}],"version-history":[{"count":0,"href":"https:\/\/www.europesays.com\/de\/wp-json\/wp\/v2\/posts\/293990\/revisions"}],"wp:featuredmedia":[{"embeddable":true,"href":"https:\/\/www.europesays.com\/de\/wp-json\/wp\/v2\/media\/293991"}],"wp:attachment":[{"href":"https:\/\/www.europesays.com\/de\/wp-json\/wp\/v2\/media?parent=293990"}],"wp:term":[{"taxonomy":"category","embeddable":true,"href":"https:\/\/www.europesays.com\/de\/wp-json\/wp\/v2\/categories?post=293990"},{"taxonomy":"post_tag","embeddable":true,"href":"https:\/\/www.europesays.com\/de\/wp-json\/wp\/v2\/tags?post=293990"}],"curies":[{"name":"wp","href":"https:\/\/api.w.org\/{rel}","templated":true}]}}