{"id":294321,"date":"2025-07-26T02:00:27","date_gmt":"2025-07-26T02:00:27","guid":{"rendered":"https:\/\/www.europesays.com\/de\/294321\/"},"modified":"2025-07-26T02:00:27","modified_gmt":"2025-07-26T02:00:27","slug":"transfers-medien-gladbach-holt-kiel-stuermer-machino-sport","status":"publish","type":"post","link":"https:\/\/www.europesays.com\/de\/294321\/","title":{"rendered":"Transfers &#8211; Medien: Gladbach holt Kiel-St\u00fcrmer Machino &#8211; Sport"},"content":{"rendered":"<p data-manual=\"teaserText\" data-schema-org-speakable=\"true\">Nach dem Verkauf von Alassane Plea greift Borussia M\u00f6nchengladbach offenbar auf dem Transfermarkt zu. Ein Angreifer vom Bundesliga-Absteiger Kiel soll an den Niederrhein wechseln.<\/p>\n<p data-manual=\"paragraph\" data-schema-org-speakable=\"true\" class=\"css-1ylqqlw\">M\u00f6nchengladbach (dpa\/lnw) &#8211; <a href=\"https:\/\/www.sueddeutsche.de\/thema\/Borussia_M%C3%B6nchengladbach\" target=\"_blank\" rel=\"noopener\">Borussia M\u00f6nchengladbach<\/a> steht laut \u00fcbereinstimmenden Medienberichten kurz vor der Verpflichtung von Shuto Machino. Der 25 Jahre alte St\u00fcrmer von <a href=\"https:\/\/www.sueddeutsche.de\/thema\/Holstein_Kiel\" target=\"_blank\" rel=\"noopener\">Holstein Kiel<\/a> soll demnach einen langfristigen Vertrag beim Bundesligisten unterschreiben und sich derzeit zum Medizincheck in M\u00f6nchengladbach befinden.\u00a0<\/p>\n<p data-manual=\"paragraph\" data-schema-org-speakable=\"true\" class=\"css-1ylqqlw\">Die Abl\u00f6sesumme f\u00fcr den japanischen Nationalspieler soll sich laut Medien zwischen sechs bis zehn Millionen Euro bewegen. <a href=\"https:\/\/www.sueddeutsche.de\/thema\/Bundesliga\" target=\"_blank\" rel=\"noopener\">Bundesliga<\/a>-Absteiger Kiel hatte Machino 2023 f\u00fcr 700.000 Euro aus dessen japanischer Heimat verpflichtet.\u00a0<\/p>\n<p data-manual=\"paragraph\" data-schema-org-speakable=\"true\" class=\"css-1ylqqlw\">Der Angreifer z\u00e4hlte in der vergangenen Saison zu den auff\u00e4lligsten und st\u00e4rksten Spielern bei den Kielern. In 32 Eins\u00e4tzen gelangen ihm elf Tore und vier Assists, den Abstieg konnte aber auch er nicht verhindern. In Gladbach soll der flexibel einsetzbare Offensivmann in die Fu\u00dfstapfen des zur PSV Eindhoven gewechselten Alassane Plea treten.<\/p>\n<p data-manual=\"paragraph\" data-schema-org-speakable=\"true\" class=\"css-1ylqqlw\">\u00a9 dpa-infocom, dpa:250725-930-839659\/1<\/p>\n","protected":false},"excerpt":{"rendered":"Nach dem Verkauf von Alassane Plea greift Borussia M\u00f6nchengladbach offenbar auf dem Transfermarkt zu. Ein Angreifer vom Bundesliga-Absteiger&hellip;\n","protected":false},"author":2,"featured_media":294322,"comment_status":"","ping_status":"","sticky":false,"template":"","format":"standard","meta":{"footnotes":""},"categories":[1849],"tags":[621,815,299,3364,29,548,663,3934,347,9335,30,13,10243,4455,14,15,1209,12,265,149,1288],"class_list":{"0":"post-294321","1":"post","2":"type-post","3":"status-publish","4":"format-standard","5":"has-post-thumbnail","7":"category-moenchengladbach","8":"tag-2-bundesliga","9":"tag-borussia-moenchengladbach","10":"tag-bundesliga","11":"tag-de","12":"tag-deutschland","13":"tag-eu","14":"tag-europa","15":"tag-europe","16":"tag-fussball","17":"tag-fussball-transfers","18":"tag-germany","19":"tag-headlines","20":"tag-holstein-kiel","21":"tag-moenchengladbach","22":"tag-nachrichten","23":"tag-news","24":"tag-nordrhein-westfalen","25":"tag-schlagzeilen","26":"tag-sport","27":"tag-sueddeutsche-zeitung","28":"tag-transfers"},"share_on_mastodon":{"url":"https:\/\/pubeurope.com\/@de\/114917069570954673","error":""},"_links":{"self":[{"href":"https:\/\/www.europesays.com\/de\/wp-json\/wp\/v2\/posts\/294321","targetHints":{"allow":["GET"]}}],"collection":[{"href":"https:\/\/www.europesays.com\/de\/wp-json\/wp\/v2\/posts"}],"about":[{"href":"https:\/\/www.europesays.com\/de\/wp-json\/wp\/v2\/types\/post"}],"author":[{"embeddable":true,"href":"https:\/\/www.europesays.com\/de\/wp-json\/wp\/v2\/users\/2"}],"replies":[{"embeddable":true,"href":"https:\/\/www.europesays.com\/de\/wp-json\/wp\/v2\/comments?post=294321"}],"version-history":[{"count":0,"href":"https:\/\/www.europesays.com\/de\/wp-json\/wp\/v2\/posts\/294321\/revisions"}],"wp:featuredmedia":[{"embeddable":true,"href":"https:\/\/www.europesays.com\/de\/wp-json\/wp\/v2\/media\/294322"}],"wp:attachment":[{"href":"https:\/\/www.europesays.com\/de\/wp-json\/wp\/v2\/media?parent=294321"}],"wp:term":[{"taxonomy":"category","embeddable":true,"href":"https:\/\/www.europesays.com\/de\/wp-json\/wp\/v2\/categories?post=294321"},{"taxonomy":"post_tag","embeddable":true,"href":"https:\/\/www.europesays.com\/de\/wp-json\/wp\/v2\/tags?post=294321"}],"curies":[{"name":"wp","href":"https:\/\/api.w.org\/{rel}","templated":true}]}}