{"id":294410,"date":"2025-07-26T02:54:10","date_gmt":"2025-07-26T02:54:10","guid":{"rendered":"https:\/\/www.europesays.com\/de\/294410\/"},"modified":"2025-07-26T02:54:10","modified_gmt":"2025-07-26T02:54:10","slug":"boyens-medien-polizei-in-hamburg-rettet-verletzte-robbe-aus-elbe","status":"publish","type":"post","link":"https:\/\/www.europesays.com\/de\/294410\/","title":{"rendered":"Boyens Medien &#8211; Polizei in Hamburg rettet verletzte Robbe aus Elbe"},"content":{"rendered":"<p>Hamburg (dpa) &#8211;  Eine verletzte Robbe haben Polizisten am Strand der Elbe in Hamburg-Othmarschen gerettet. Das Tier sei an der Flosse leicht verletzt gewesen, wie ein Sprecher der Feuerwehr mitteilte. Laut einem Polizeisprecher ist es eher ungew\u00f6hnlich, dort auf Robben zu treffen. Zeugen hatten das Tier am sp\u00e4ten Freitagabend gesehen und die Beamten gerufen.\u00a0<\/p>\n<p>Die Feuerwehr habe das \u00fcber 100 Kilogramm schwere Tier zum sogenannten Schwanenvater gebracht, hie\u00df es. Dieser versorge nun die verletzte Robbe. Eigentlich wollten die Retter den Meeress\u00e4uger zun\u00e4chst in ein Tierheim bringen, doch das Heim konnten das Tier nicht aufnehmen.\u00a0<\/p>\n<p>Der Hamburger Schwanenvater k\u00fcmmert sich eigentlich um die Schw\u00e4ne der Hansestadt. Er f\u00fchrt die Tiere beispielsweise im Herbst in ihr Winterquartier und begleitet sie im Fr\u00fchling zur\u00fcck, bis zur Au\u00dfenalster.<\/p>\n","protected":false},"excerpt":{"rendered":"Hamburg (dpa) &#8211; Eine verletzte Robbe haben Polizisten am Strand der Elbe in Hamburg-Othmarschen gerettet. Das Tier sei&hellip;\n","protected":false},"author":2,"featured_media":294411,"comment_status":"","ping_status":"","sticky":false,"template":"","format":"standard","meta":{"footnotes":""},"categories":[1826],"tags":[29,30,692,2235,4823,2631,7490],"class_list":{"0":"post-294410","1":"post","2":"type-post","3":"status-publish","4":"format-standard","5":"has-post-thumbnail","7":"category-hamburg","8":"tag-deutschland","9":"tag-germany","10":"tag-hamburg","11":"tag-kurioses","12":"tag-meldung","13":"tag-tier","14":"tag-vermischtes"},"share_on_mastodon":{"url":"https:\/\/pubeurope.com\/@de\/114917282024229987","error":""},"_links":{"self":[{"href":"https:\/\/www.europesays.com\/de\/wp-json\/wp\/v2\/posts\/294410","targetHints":{"allow":["GET"]}}],"collection":[{"href":"https:\/\/www.europesays.com\/de\/wp-json\/wp\/v2\/posts"}],"about":[{"href":"https:\/\/www.europesays.com\/de\/wp-json\/wp\/v2\/types\/post"}],"author":[{"embeddable":true,"href":"https:\/\/www.europesays.com\/de\/wp-json\/wp\/v2\/users\/2"}],"replies":[{"embeddable":true,"href":"https:\/\/www.europesays.com\/de\/wp-json\/wp\/v2\/comments?post=294410"}],"version-history":[{"count":0,"href":"https:\/\/www.europesays.com\/de\/wp-json\/wp\/v2\/posts\/294410\/revisions"}],"wp:featuredmedia":[{"embeddable":true,"href":"https:\/\/www.europesays.com\/de\/wp-json\/wp\/v2\/media\/294411"}],"wp:attachment":[{"href":"https:\/\/www.europesays.com\/de\/wp-json\/wp\/v2\/media?parent=294410"}],"wp:term":[{"taxonomy":"category","embeddable":true,"href":"https:\/\/www.europesays.com\/de\/wp-json\/wp\/v2\/categories?post=294410"},{"taxonomy":"post_tag","embeddable":true,"href":"https:\/\/www.europesays.com\/de\/wp-json\/wp\/v2\/tags?post=294410"}],"curies":[{"name":"wp","href":"https:\/\/api.w.org\/{rel}","templated":true}]}}