{"id":29452,"date":"2025-04-13T19:41:09","date_gmt":"2025-04-13T19:41:09","guid":{"rendered":"https:\/\/www.europesays.com\/de\/29452\/"},"modified":"2025-04-13T19:41:09","modified_gmt":"2025-04-13T19:41:09","slug":"steinfurther-will-mit-besonderem-lese-buch-lust-auf-pilze-machen","status":"publish","type":"post","link":"https:\/\/www.europesays.com\/de\/29452\/","title":{"rendered":"Steinfurther will mit besonderem Lese-Buch Lust auf Pilze machen"},"content":{"rendered":"<p class=\"paragraph tw-mx-auto tw-mb-6\">Den hiesigen Pilzfreunden d\u00fcrfte Lutz J\u00fcrgens kein Unbekannter sein. In den Herbstmonaten bietet er sonntags auf dem Anklamer Markt Pilzberatungen an. <a data-li-document-ref=\"2857650\" href=\"https:\/\/www.nordkurier.de\/regional\/anklam\/jeden-sonntag-pilzberatung-auf-dem-anklamer-marktplatz-2857650\" target=\"_blank\" rel=\"noopener\">Ehrenamtlicher Pilzberater<\/a> ist er seit 2019. Aufgewachsen ist er auf Usedom und R\u00fcgen und also schon immer an der K\u00fcste zu Hause. Schon von Kindesbeinen an durchstreifte er die W\u00e4lder Vorpommerns. Dabei hat er nat\u00fcrlich viele Pilze gefunden, einige hat er aber auch nur gesucht und dabei einiges erlebt.<\/p>\n<p>Zur Ausbeute gibt es oft auch eine gute Geschichte<\/p>\n<p class=\"paragraph tw-mx-auto tw-mb-6\">Damit geht es ihm wohl so, wie vielen anderen Sammlern auch. Zumindest habe er bei seinen Pilzberatungen festgestellt, dass es zur Ausbeute fast immer eine gute Geschichte zu erz\u00e4hlen gibt. Er selbst habe auch hin und wieder Artikel f\u00fcr Fachzeitschriften geschrieben, bis schlie\u00dflich die Idee entstand, daraus ein Buch zu machen.<\/p>\n<p class=\"paragraph tw-mx-auto tw-mb-6\">Das sollte allerdings kein Buch sein, um ausschlie\u00dflich Pilze zu bestimmen, denn davon gibt es schon reichlich. Es sollte ein \u201ePilz-Lese-Buch\u201c sein. Also ein Buch, in dem man viel \u00fcber ausgew\u00e4hlte Pilze erfahren kann. So geht es zum Beispiel darum, wann, wo und wie man sie findet, welche gef\u00e4hrlichen Doppelg\u00e4nger es gibt, was man mit ihnen machen kann und welche Rolle sie in der Natur spielen. Dazu gibt es Geschichten aus einem vorpommerschen Dorf zu erfahren, aber auch zum Teil pers\u00f6nliche Dinge, die den vierfachen Vater abseits der Welt der Pilze w\u00e4hrend des Schreibens besch\u00e4ftigten.<\/p>\n<p class=\"paragraph tw-mx-auto tw-mb-6\">Das Ganze ist angelegt wie ein Tagebuch. Die 30 Kapitel ziehen sich durch ein ganzes Jahr und haben stets einen Speisepilz im Mittelpunkt, der zur jeweiligen Jahreszeit in Vorpommern auch gerade zu finden ist. Das Kapitel \u201eMorcheln im Oberdorf\u201c zum Beispiel spielt Mitte April und besch\u00e4ftigt sich mit einem der bekanntesten Fr\u00fchjahrspilze, r\u00e4umt zugleich aber auch ein, \u201edass Unbedarfte auf der Suche nach ihnen so gut wie chancenlos sind.\u201c Daneben erf\u00e4hrt man aber auch einiges \u00fcber die Gewinnung von Birkensaft und wie es sich in einem Dorf lebt, dass aus zwei Oberd\u00f6rfern besteht.<\/p>\n<p>Vorfinanzierung per Buchbestellung<\/p>\n<p class=\"paragraph tw-mx-auto tw-mb-6\">Das Buch hei\u00dft \u201ePilzen begegnen \u2013 Ein naturkundlicher Streifzug durch die Welt der Pilze\u201c und macht einerseits Lust, selbst auf Pilz-Pirsch zu gehen. Andererseits bietet es genug Information und Unterhaltung, um es damit auch auf dem heimischen Sofa auszuhalten. Zudem ist es von Hans Manhart illustriert worden, einem Kunsterzieher, Maler und Illustrator mit einer tiefen Leidenschaft f\u00fcr Pilze.<\/p>\n<p><img decoding=\"async\" src=\"https:\/\/www.europesays.com\/de\/wp-content\/uploads\/2025\/04\/dda9e1d5-e77b-443f-aa6e-cb1ff594ad95.jpeg\" loading=\"lazy\" alt=\"Morcheln geh\u00f6ren zu den beliebtesten Fr\u00fchjahrspilzen, sind aber auch schwer zu finden. Die Illustration stammt von Hans Manhart.\"\/><\/p>\n<p>Morcheln geh\u00f6ren zu den beliebtesten Fr\u00fchjahrspilzen, sind aber auch schwer zu finden. Die Illustration stammt von Hans Manhart. (Foto: Hans Manhart)<\/p>\n<p class=\"paragraph tw-mx-auto tw-mb-6\">Allerdings gibt es einen kleinen Haken, das Buch gibt es n\u00e4mlich noch nicht. Es k\u00f6nnte zwar Ende Mai in den Druck gehen und im September im Handel erscheinen. Daf\u00fcr m\u00fcsste jedoch bis Ende Mai eine Vorfinanzierung in H\u00f6he von rund 85.00 Euro beim \u201eoekom Verlag\u201c eingehen. <br \/>Bei diesem sogenannten Crowdfunding kann man \u201eeinfach so\u201c Geld spenden oder ein Buch vorbestellen. Diese Vorbestellungen wiederum gibt es in verschiedenen Varianten. Sie reichen in Abstufungen von \u201enur Buch\u201c bis hin zu \u201eBuch plus Nennung in der Danksagung und privater Pilzf\u00fchrung\u201c mit Lutz J\u00fcrgens in der Region.<\/p>\n<\/p>\n<p class=\"paragraph tw-mx-auto tw-mb-6\">Bis Mitte April sind so schon gut 3500 Euro zusammengekommen. Falls die Zielsumme nicht erreicht wird, werden alle eingegangenen Gelder zur\u00fcck\u00fcberwiesen. Mehr Informationen und eine Leseprobe gibt es unter der Adresse:\u00a0<a href=\"https:\/\/urldefense.com\/v3\/__https:\/www.oekom-crowd.de\/projekte\/pilzen-begegnen\/__;!!BUwAIxWO_-7s!EDpc_Ess88seze5UPjVOfEaU8LSRXOLTRykhBSlp2zTjhvSeXO7ZO8jDARpfrM04ibZp00muJVI7bQQ2pXzfLPwuWYKpYLkKqzg$\" target=\"_blank\" rel=\"noopener\"><strong>https:\/\/www.oekom-crowd.de\/projekte\/pilzen-begegnen\/<\/strong><\/a><\/p>\n","protected":false},"excerpt":{"rendered":"Den hiesigen Pilzfreunden d\u00fcrfte Lutz J\u00fcrgens kein Unbekannter sein. In den Herbstmonaten bietet er sonntags auf dem Anklamer&hellip;\n","protected":false},"author":2,"featured_media":29453,"comment_status":"","ping_status":"","sticky":false,"template":"","format":"standard","meta":{"footnotes":""},"categories":[1774],"tags":[1784,1797,1785,16514,29,214,30,16510,16511,16512,16513,16509,215,16515],"class_list":{"0":"post-29452","1":"post","2":"type-post","3":"status-publish","4":"format-standard","5":"has-post-thumbnail","7":"category-buecher","8":"tag-books","9":"tag-buch","10":"tag-buecher","11":"tag-crowdfundung","12":"tag-deutschland","13":"tag-entertainment","14":"tag-germany","15":"tag-karlsburg","16":"tag-lutz-juergens","17":"tag-pilzberater","18":"tag-pilze","19":"tag-steinfurth","20":"tag-unterhaltung","21":"tag-vorpommern"},"share_on_mastodon":{"url":"https:\/\/pubeurope.com\/@de\/114332361478684407","error":""},"_links":{"self":[{"href":"https:\/\/www.europesays.com\/de\/wp-json\/wp\/v2\/posts\/29452","targetHints":{"allow":["GET"]}}],"collection":[{"href":"https:\/\/www.europesays.com\/de\/wp-json\/wp\/v2\/posts"}],"about":[{"href":"https:\/\/www.europesays.com\/de\/wp-json\/wp\/v2\/types\/post"}],"author":[{"embeddable":true,"href":"https:\/\/www.europesays.com\/de\/wp-json\/wp\/v2\/users\/2"}],"replies":[{"embeddable":true,"href":"https:\/\/www.europesays.com\/de\/wp-json\/wp\/v2\/comments?post=29452"}],"version-history":[{"count":0,"href":"https:\/\/www.europesays.com\/de\/wp-json\/wp\/v2\/posts\/29452\/revisions"}],"wp:featuredmedia":[{"embeddable":true,"href":"https:\/\/www.europesays.com\/de\/wp-json\/wp\/v2\/media\/29453"}],"wp:attachment":[{"href":"https:\/\/www.europesays.com\/de\/wp-json\/wp\/v2\/media?parent=29452"}],"wp:term":[{"taxonomy":"category","embeddable":true,"href":"https:\/\/www.europesays.com\/de\/wp-json\/wp\/v2\/categories?post=29452"},{"taxonomy":"post_tag","embeddable":true,"href":"https:\/\/www.europesays.com\/de\/wp-json\/wp\/v2\/tags?post=29452"}],"curies":[{"name":"wp","href":"https:\/\/api.w.org\/{rel}","templated":true}]}}