{"id":29465,"date":"2025-04-13T19:48:08","date_gmt":"2025-04-13T19:48:08","guid":{"rendered":"https:\/\/www.europesays.com\/de\/29465\/"},"modified":"2025-04-13T19:48:08","modified_gmt":"2025-04-13T19:48:08","slug":"apple-setzt-alles-auf-diese-neuheit-tim-cook-interessiert-sich-fuer-nicht-anderes-leben-wissen","status":"publish","type":"post","link":"https:\/\/www.europesays.com\/de\/29465\/","title":{"rendered":"Apple setzt alles auf diese Neuheit: Tim Cook \u201einteressiert sich f\u00fcr nicht anderes\u201c | Leben &#038; Wissen"},"content":{"rendered":"<p> An dieser Stelle findest du den Text-to-Speech Player<\/p>\n<p> Um den TTS Player darzustellen, brauchen wir deine Zustimmung. <\/p>\n<p> externen Inhalt aktivieren  Um eingebettete Inhalte anzuzeigen, ist Ihre jederzeit widerrufliche Einwilligung (\u00fcber den Schalter oder \u00fcber &#8220; <a class=\"embed-placeholder__text-link\" href=\"#\" rel=\"noopener noreferrer\" title=\"Tracking widerrufen\"> Widerruf Tracking und Cookies<\/a> &#8220; am Seitenende) zur Verarbeitung personenbezogener Daten n\u00f6tig.  Dabei k\u00f6nnen Daten in Drittl\u00e4nder wie die USA \u00fcbermittelt werden (Art. 49 Abs. 1 lit. a DSGVO). Mit dem Aktivieren des Inhalts stimmen Sie zu. Weitere Infos finden Sie <a class=\"embed-placeholder__text-link\" href=\"#\" rel=\"noopener noreferrer\" title=\"Zu den Privatsph\u00e4re Einstellungen\"> hier<\/a>. <\/p>\n<p><b>Tech-Riese Apple t\u00fcftelt hinter verschlossenen T\u00fcren am n\u00e4chsten gro\u00dfen Ding nach dem iPhone: Konzern-Boss Tim Cook (64) will eine digitale Brille f\u00fcr den Alltag produzieren. Dies sei inzwischen die oberste Priorit\u00e4t im Unternehmen, berichtet der f\u00fcr gew\u00f6hnlich gut informierte Apple-Insider Mark Gurman im Wirtschaftsmagazin <\/b><a href=\"https:\/\/www.bloomberg.com\/news\/newsletters\/2025-04-13\/apple-vision-pro-2-details-low-latency-headset-ar-glasses-ipados-19-details-m9flf1fd\" target=\"_blank\" rel=\"nofollow noopener\" class=\"text-link--external text-link\"><b>\u201eBloomberg\u201c<\/b><\/a><b>.<\/b><\/p>\n<p>Auch interessant<\/p>\n<p>Anzeige<\/p>\n<p>Auch interessant<\/p>\n<p>Anzeige<\/p>\n<p>\u201eTim interessiert sich f\u00fcr nichts anderes\u201c, zitiert der Digital-Journalist eine mit der Sache vertraute Person. \u201eEs ist das Einzige, worauf er bei der Produktentwicklung wirklich seine Zeit verwendet.\u201c Ziel: Schneller und besser als der Facebook-Konzern Meta sein!<\/p>\n<p><b>Die Brille der Zukunft sollen die Nutzer nach Cooks Vorstellung den ganzen Tag tragen k\u00f6nnen. Und: Sie soll sich massiv von der im vorigen Jahr erschienenen <\/b><a href=\"https:\/\/www.bild.de\/leben-wissen\/digital\/apple-vision-pro-im-test-das-sind-die-groessten-probleme-des-apple-brille-66a73be954bb175d3b28edd7\" class=\"text-link\" rel=\"nofollow noopener\" target=\"_blank\"><b>Apple Vision Pro<\/b><\/a><b> (ab 3999 Euro) unterscheiden. Sie soll den Nutzer nicht in eine geschlossene virtuelle Realit\u00e4t ziehen, sondern \u00fcber ein smartes Display digitale Inhalte in der echten Welt erg\u00e4nzen. In der Tech-Welt wird das Augmented Reality (AR) genannt.<\/b><\/p>\n<p><img decoding=\"async\" width=\"992\" height=\"558\" alt=\"Technisch beeindruckend, aber extrem teuer: Die Apple Vision Pro kostet mindestens 3999 Euro\" src=\"https:\/\/www.europesays.com\/de\/wp-content\/uploads\/2025\/04\/f16b31c2fb9df532cd5e58ef444e4f27,8d57003f\"   class=\"landscape\" loading=\"lazy\"\/><\/p>\n<p class=\"fig__caption__text\">Technisch beeindruckend, aber extrem teuer: Die Apple Vision Pro kostet mindestens 3999 Euro<\/p>\n<p>Foto: JULIEN DE ROSA\/AFP<\/p>\n<p>Laut \u201eBloomberg\u201c wird die Entwicklung der AR-Brille zwar noch \u201eviele Jahre\u201c dauern. Insbesondere weil das Ger\u00e4t nur wenig Platz f\u00fcr die Hochleistungstechnologie bietet, wenn es im Alltag komfortabel sein soll. Displays und vor allem der Akku mit stundenlanger Stromversorgung sind heute noch nicht auf dem n\u00f6tigen Entwicklungsstand. Und gleichzeitig muss der Preis attraktiv bleiben.<\/p>\n<p>Wenn das alles klappt, k\u00f6nnte die neue AR-Brille das n\u00e4chste \u201eone more thing\u201c werden. Die legend\u00e4re Ank\u00fcndigung machte Apple-Chef Steve Jobs (\u202056) immer dann, wenn es spannend wurde und sich die Kunden auf eine wirkliche Innovation freuen konnten.<\/p>\n<p>Cook: \u201eWir werden uns fragen, wie wir ohne sie leben konnten\u201c<\/p>\n<p><b>Schon vor neun Jahren sagte <\/b><a href=\"https:\/\/www.bild.de\/digital\/multimedia\/apple\/apple-alle-infos-78214506.bild.html\" class=\"text-link\" rel=\"nofollow noopener\" target=\"_blank\"><b>Apple<\/b><\/a><b>-Boss Cook: \u201eAR wird noch eine Weile dauern, denn es gibt einige wirklich schwierige technologische Herausforderungen. Aber es wird passieren \u2013 und zwar in gro\u00dfem Stil. Und wir werden uns dann fragen, wie wir jemals ohne sie leben konnten. So wie wir uns heute fragen, wie wir ohne unser Telefon leben konnten.\u201c<\/b><\/p>\n<p>Bis zum anvisierten AR-Durchbruch soll es mehrere Zwischenl\u00f6sungen geben, berichtet \u201eBloomberg\u201c. So sollen die <a href=\"https:\/\/www.bild.de\/leben-wissen\/digital\/apple-heisses-geruecht-um-neue-funktion-fuer-apple-watch-6759a389376029102253dc18\" class=\"text-link\" rel=\"nofollow noopener\" target=\"_blank\">Apple Watch<\/a> und AirPods mit Kameras ausgestattet werden \u2013 und noch eine neue Version der Vision Pro erscheinen. Diese soll g\u00fcnstiger und leichter werden. Beim aktuellen Modell klagen viele Nutzer \u00fcber das hohe Gewicht, das den Kopf insbesondere bei l\u00e4ngerer Nutzung belastet.<\/p>\n<p><b>Auch deshalb gelang der technologisch beeindruckenden Vision Pro bislang kein Erfolg im Massenmarkt. Dazu fehlen bislang regelm\u00e4\u00dfige Anwendungsm\u00f6glichkeiten abseits von wenigen Apple-Kurzfilmen, die speziell f\u00fcr die virtuelle Realit\u00e4t gedreht wurden.<\/b><\/p>\n<p>Lesen Sie auch<\/p>\n","protected":false},"excerpt":{"rendered":"An dieser Stelle findest du den Text-to-Speech Player Um den TTS Player darzustellen, brauchen wir deine Zustimmung. externen&hellip;\n","protected":false},"author":2,"featured_media":29466,"comment_status":"","ping_status":"","sticky":false,"template":"","format":"standard","meta":{"footnotes":"","_share_on_mastodon":"0"},"categories":[135],"tags":[231,16516,16518,1738,29,30,1274,5553,190,189,194,191,45,16517,193,192],"class_list":["post-29465","post","type-post","status-publish","format-standard","has-post-thumbnail","category-wissenschaft-technik","tag-apple","tag-augmented-reality","tag-cook-tim","tag-desk-delta","tag-deutschland","tag-germany","tag-ios","tag-iphone","tag-science","tag-science-technology","tag-technik","tag-technology","tag-texttospeech","tag-virtual-reality","tag-wissenschaft","tag-wissenschaft-technik"],"share_on_mastodon":{"url":"https:\/\/pubeurope.com\/@de\/114332388804494830","error":""},"_links":{"self":[{"href":"https:\/\/www.europesays.com\/de\/wp-json\/wp\/v2\/posts\/29465","targetHints":{"allow":["GET"]}}],"collection":[{"href":"https:\/\/www.europesays.com\/de\/wp-json\/wp\/v2\/posts"}],"about":[{"href":"https:\/\/www.europesays.com\/de\/wp-json\/wp\/v2\/types\/post"}],"author":[{"embeddable":true,"href":"https:\/\/www.europesays.com\/de\/wp-json\/wp\/v2\/users\/2"}],"replies":[{"embeddable":true,"href":"https:\/\/www.europesays.com\/de\/wp-json\/wp\/v2\/comments?post=29465"}],"version-history":[{"count":0,"href":"https:\/\/www.europesays.com\/de\/wp-json\/wp\/v2\/posts\/29465\/revisions"}],"wp:featuredmedia":[{"embeddable":true,"href":"https:\/\/www.europesays.com\/de\/wp-json\/wp\/v2\/media\/29466"}],"wp:attachment":[{"href":"https:\/\/www.europesays.com\/de\/wp-json\/wp\/v2\/media?parent=29465"}],"wp:term":[{"taxonomy":"category","embeddable":true,"href":"https:\/\/www.europesays.com\/de\/wp-json\/wp\/v2\/categories?post=29465"},{"taxonomy":"post_tag","embeddable":true,"href":"https:\/\/www.europesays.com\/de\/wp-json\/wp\/v2\/tags?post=29465"}],"curies":[{"name":"wp","href":"https:\/\/api.w.org\/{rel}","templated":true}]}}