{"id":294693,"date":"2025-07-26T05:38:23","date_gmt":"2025-07-26T05:38:23","guid":{"rendered":"https:\/\/www.europesays.com\/de\/294693\/"},"modified":"2025-07-26T05:38:23","modified_gmt":"2025-07-26T05:38:23","slug":"polizei-rettet-verletzte-robbe-aus-elbe","status":"publish","type":"post","link":"https:\/\/www.europesays.com\/de\/294693\/","title":{"rendered":"Polizei rettet verletzte Robbe aus Elbe"},"content":{"rendered":"<p>Ungew\u00f6hnlicher Einsatz <\/p>\n<p>Polizei rettet verletzte Robbe aus der Elbe<\/p>\n<p>26.07.2025 &#8211; 03:56 UhrLesedauer: 1 Min.<\/p>\n<p><a href=\"#focus-0\" class=\"transition-colors duration-200 focus-within:text-magenta block text-current relative\" data-sctrack=\"FocusGalleryImage.Reference\"><img fetchpriority=\"high\" data-testid=\"Opener.Image\" style=\"--lqipURL:url('https:\/\/images.t-online.de\/2025\/07\/XcTg4jWjXLAl\/0x94:2048x1152\/fit-in\/150x0\/filters:blur(25)\/die-robbe-wird-nun-vom-hamburger-schwanenvater-versorgt-symbolbild.jpg')\"   loading=\"eager\" src=\"https:\/\/www.europesays.com\/de\/wp-content\/uploads\/2025\/07\/die-robbe-wird-nun-vom-hamburger-schwanenvater-versorgt-symbolbild.jpg\" alt=\"Kegelrobben in Ostsee\" title=\"Kegelrobben in Ostsee\" width=\"2048\" height=\"1152\" class=\"bg-[url:var(--lqipURL)] bg-cover bg-center flex h-full w-full max-w-full\" decoding=\"async\"\/><img style=\"--width:32;--height:32\" loading=\"lazy\" src=\"https:\/\/www.t-online.de\/s\/paper\/_next\/static\/media\/zoom-in.f7dae02f.svg\" alt=\"Vergr\u00f6\u00dfern des Bildes\" title=\"Vergr\u00f6\u00dfern des Bildes\" class=\"block h-[calc(var(--height)_\/_16_*_1rem)] w-[calc(var(--width)_\/_16_*_1rem)] max-w-none absolute bottom-8 right-8 rounded-4 bg-snow p-8\" decoding=\"async\"\/><\/a><\/p>\n<p>Die Robbe wird nun vom Hamburger &#8222;Schwanenvater&#8220; versorgt. (Symbolbild) (Quelle: Jens B\u00fcttner\/dpa\/dpa-bilder)<\/p>\n<p class=\"font-bold text-18 leading-17\">Feuerwehrleute wollten den verletzten Meeress\u00e4uger eigentlich in ein Tierheim bringen. Jetzt k\u00fcmmert sich der Schwanenvater.<\/p>\n<p class=\"text-18 leading-17\">Polizisten haben eine verletzte Robbe am Strand der <a class=\"transition-colors duration-200 cursor-pointer text-inherit no-underline text-salemsfur md:hover:text-magenta md:hover:border-magenta md:focus:text-magenta border-current border-b border-solid break-words\" href=\"https:\/\/www.t-online.de\/themen\/elbe\/\" data-sctrack=\"BodyAnchor\" target=\"_blank\" rel=\"noopener\">Elbe<\/a> in Hamburg-Othmarschen gerettet. Das Tier sei an der Flosse leicht verletzt gewesen, wie ein Sprecher der Feuerwehr mitteilte. Laut einem Polizeisprecher ist es eher ungew\u00f6hnlich, dort auf Robben zu treffen. Zeugen hatten das Tier am sp\u00e4ten Freitagabend gesehen und die Beamten gerufen.<\/p>\n<p class=\"text-18 leading-17\">Die Feuerwehr habe das \u00fcber 100 Kilogramm schwere Tier zum sogenannten Schwanenvater gebracht, hie\u00df es. Dieser versorge nun die verletzte Robbe. Eigentlich wollten die Retter den Meeress\u00e4uger zun\u00e4chst in ein Tierheim bringen, doch das Heim konnten das Tier nicht aufnehmen.<\/p>\n<p class=\"text-18 leading-17\">Der &#8222;Hamburger Schwanenvater&#8220; ist eine st\u00e4dtische Dienststelle in <a rel=\"nofollow noopener\" target=\"_blank\" class=\"transition-colors duration-200 cursor-pointer text-inherit no-underline text-salemsfur md:hover:text-magenta md:hover:border-magenta md:focus:text-magenta border-current border-b border-solid break-words\" href=\"https:\/\/hamburg.t-online.de\/region\/hamburg\/\" data-sctrack=\"BodyAnchor\">Hamburg<\/a>, die sich um die Alsterschw\u00e4ne k\u00fcmmert. Derzeit ist Olaf Nie\u00df der amtierende Schwanenvater. Er f\u00fchrt die Tiere beispielsweise im Herbst in ihr Winterquartier und begleitet sie im Fr\u00fchling zur\u00fcck, bis zur Au\u00dfenalster. Das Amt existiert seit 1674 und ist einzigartig in Deutschland.<\/p>\n<p class=\"text-18 leading-17\">Erst vergangene Woche hatten Mitarbeiter einer Firma im Eversween ein Seehund-Jungtier am Hafen entdeckt. Auch in diesem Fall war zun\u00e4chst der Schwanenvater zur Stelle, um das Tier zu retten. Anschlie\u00dfend wurde das Seehund-Baby, das auf den friesischen Namen Fiete getauft wurde, zur Seehundstation Friedrichskoog gebracht, wo es aufgep\u00e4ppelt werden sollte.<\/p>\n","protected":false},"excerpt":{"rendered":"Ungew\u00f6hnlicher Einsatz Polizei rettet verletzte Robbe aus der Elbe 26.07.2025 &#8211; 03:56 UhrLesedauer: 1 Min. Die Robbe wird&hellip;\n","protected":false},"author":2,"featured_media":294694,"comment_status":"","ping_status":"","sticky":false,"template":"","format":"standard","meta":{"footnotes":""},"categories":[1826],"tags":[29,2265,985,30,692,30103,86287,121,2486],"class_list":{"0":"post-294693","1":"post","2":"type-post","3":"status-publish","4":"format-standard","5":"has-post-thumbnail","7":"category-hamburg","8":"tag-deutschland","9":"tag-elbe","10":"tag-feuerwehr","11":"tag-germany","12":"tag-hamburg","13":"tag-hamburg-othmarschen","14":"tag-meeressaeuger","15":"tag-polizei","16":"tag-tierheim"},"share_on_mastodon":{"url":"https:\/\/pubeurope.com\/@de\/114917926833314135","error":""},"_links":{"self":[{"href":"https:\/\/www.europesays.com\/de\/wp-json\/wp\/v2\/posts\/294693","targetHints":{"allow":["GET"]}}],"collection":[{"href":"https:\/\/www.europesays.com\/de\/wp-json\/wp\/v2\/posts"}],"about":[{"href":"https:\/\/www.europesays.com\/de\/wp-json\/wp\/v2\/types\/post"}],"author":[{"embeddable":true,"href":"https:\/\/www.europesays.com\/de\/wp-json\/wp\/v2\/users\/2"}],"replies":[{"embeddable":true,"href":"https:\/\/www.europesays.com\/de\/wp-json\/wp\/v2\/comments?post=294693"}],"version-history":[{"count":0,"href":"https:\/\/www.europesays.com\/de\/wp-json\/wp\/v2\/posts\/294693\/revisions"}],"wp:featuredmedia":[{"embeddable":true,"href":"https:\/\/www.europesays.com\/de\/wp-json\/wp\/v2\/media\/294694"}],"wp:attachment":[{"href":"https:\/\/www.europesays.com\/de\/wp-json\/wp\/v2\/media?parent=294693"}],"wp:term":[{"taxonomy":"category","embeddable":true,"href":"https:\/\/www.europesays.com\/de\/wp-json\/wp\/v2\/categories?post=294693"},{"taxonomy":"post_tag","embeddable":true,"href":"https:\/\/www.europesays.com\/de\/wp-json\/wp\/v2\/tags?post=294693"}],"curies":[{"name":"wp","href":"https:\/\/api.w.org\/{rel}","templated":true}]}}