{"id":294999,"date":"2025-07-26T08:30:12","date_gmt":"2025-07-26T08:30:12","guid":{"rendered":"https:\/\/www.europesays.com\/de\/294999\/"},"modified":"2025-07-26T08:30:12","modified_gmt":"2025-07-26T08:30:12","slug":"solitaer-der-schweizer-literatur-ein-neues-buch-erzaehlt-das-gluecklich-unglueckliche-leben-von-robert-walser-der-seine-letzten-jahre-in-herisau-verbrachte","status":"publish","type":"post","link":"https:\/\/www.europesays.com\/de\/294999\/","title":{"rendered":"Solit\u00e4r der Schweizer Literatur: Ein neues Buch erz\u00e4hlt das gl\u00fccklich-ungl\u00fcckliche Leben von Robert Walser, der seine letzten Jahre in Herisau verbrachte"},"content":{"rendered":"<p>                  <img loading=\"lazy\" decoding=\"async\" width=\"1278\" height=\"1193\" class=\"lazyload no-src\" src=\"https:\/\/www.europesays.com\/de\/wp-content\/uploads\/2025\/07\/a9772c2d-b5bb-9190-0695-729f818b4db6-1919027_cx_0_cy_111_cw_1278_ch_1193.jpeg\" alt=\"\" title=\"s3hub-zofingertagblatt-productionuploads202507a9772c2d-b5bb-9190-0695-729f818b4db6-1919027_cx_0_cy_111_cw_1278_ch_1193.jpeg\"\/><\/p>\n<p>Robert Walser, fotografiert von Carl Seelig auf einer Wanderung am 1. Juni 1942.<\/p>\n<p>Bild: Keystone \/ Robert Walser-Stiftung Bern<\/p>\n<p>Rolf App\u00a0<\/p>\n<p> &#8211; zuletzt aktualisiert am 26.07.2025 10:23<\/p>\n<p>26.07.2025<\/p>\n<p>Robert Walser (1878\u20131956) geh\u00f6rt zu den bedeutendsten Schweizer Schriftstellern des 20. Jahrhunderts. In ihrer im Suhrkamp-Verlag erschienenen Biografie erkundet die US-amerikanische \u00dcbersetzerin Susan Bernofsky Leben und Werk des Mannes, der 23 Jahre in der psychiatrischen Klinik Herisau verbracht hat.<\/p>\n<p>Weiterlesen? Werden Sie jetzt Zofinger Tagblatt-Abonnent<\/p>\n<p>Ich bin bereits registriert und m\u00f6chte mich einloggen.<\/p>\n<p>Ich habe noch keinen Login und m\u00f6chte mich registrieren<\/p>\n<p>Sie haben noch kein Abo?<\/p>\n<p>Nutzen Sie s\u00e4mtliche Inhalte rund um die Uhr in digitaler Form<\/p>\n<p>Digital-Abo ab CHF 15.00<\/p>\n","protected":false},"excerpt":{"rendered":"Robert Walser, fotografiert von Carl Seelig auf einer Wanderung am 1. Juni 1942. Bild: Keystone \/ Robert Walser-Stiftung&hellip;\n","protected":false},"author":2,"featured_media":295000,"comment_status":"","ping_status":"","sticky":false,"template":"","format":"standard","meta":{"footnotes":""},"categories":[1774],"tags":[1784,1785,29,214,30,215],"class_list":{"0":"post-294999","1":"post","2":"type-post","3":"status-publish","4":"format-standard","5":"has-post-thumbnail","7":"category-buecher","8":"tag-books","9":"tag-buecher","10":"tag-deutschland","11":"tag-entertainment","12":"tag-germany","13":"tag-unterhaltung"},"share_on_mastodon":{"url":"https:\/\/pubeurope.com\/@de\/114918603325382111","error":""},"_links":{"self":[{"href":"https:\/\/www.europesays.com\/de\/wp-json\/wp\/v2\/posts\/294999","targetHints":{"allow":["GET"]}}],"collection":[{"href":"https:\/\/www.europesays.com\/de\/wp-json\/wp\/v2\/posts"}],"about":[{"href":"https:\/\/www.europesays.com\/de\/wp-json\/wp\/v2\/types\/post"}],"author":[{"embeddable":true,"href":"https:\/\/www.europesays.com\/de\/wp-json\/wp\/v2\/users\/2"}],"replies":[{"embeddable":true,"href":"https:\/\/www.europesays.com\/de\/wp-json\/wp\/v2\/comments?post=294999"}],"version-history":[{"count":0,"href":"https:\/\/www.europesays.com\/de\/wp-json\/wp\/v2\/posts\/294999\/revisions"}],"wp:featuredmedia":[{"embeddable":true,"href":"https:\/\/www.europesays.com\/de\/wp-json\/wp\/v2\/media\/295000"}],"wp:attachment":[{"href":"https:\/\/www.europesays.com\/de\/wp-json\/wp\/v2\/media?parent=294999"}],"wp:term":[{"taxonomy":"category","embeddable":true,"href":"https:\/\/www.europesays.com\/de\/wp-json\/wp\/v2\/categories?post=294999"},{"taxonomy":"post_tag","embeddable":true,"href":"https:\/\/www.europesays.com\/de\/wp-json\/wp\/v2\/tags?post=294999"}],"curies":[{"name":"wp","href":"https:\/\/api.w.org\/{rel}","templated":true}]}}