{"id":295333,"date":"2025-07-26T11:31:30","date_gmt":"2025-07-26T11:31:30","guid":{"rendered":"https:\/\/www.europesays.com\/de\/295333\/"},"modified":"2025-07-26T11:31:30","modified_gmt":"2025-07-26T11:31:30","slug":"pkw-ueberschlaegt-sich-und-kommt-auf-dach-zum-liegen-pm-nr-1-blicklokal","status":"publish","type":"post","link":"https:\/\/www.europesays.com\/de\/295333\/","title":{"rendered":"Pkw \u00fcberschl\u00e4gt sich und kommt auf Dach zum Liegen \u2013 PM Nr.1 \u2013 BlickLokal"},"content":{"rendered":"<p><a data-category=\"citylink-story-view\" data-action=\"click\" data-label=\"Citylink in Meldungsansicht\" class=\"story-city event-trigger\" href=\"https:\/\/www.presseportal.de\/regional\/Heidelberg-Neuenheim\" title=\"News aus Heidelberg-Neuenheim\" target=\"_blank\" rel=\"noopener\">Heidelberg-Neuenheim<\/a> (ots)<\/p>\n<p>Aktuell befinden sich Polizei, Feuerwehr und Rettungsdienst \u201eIn der Neckarhelle\u201c\/ L534 in Heidelberg im Einsatz, nachdem es zu einem Verkehrsunfall mit Beteiligung eines Pkw gekommen war. Dieser konnte an der Unfallstelle auf dem Dach liegend vorgefunden werden. Der vermeintliche Fahrzeugf\u00fchrer wurde bei dem Unfall gl\u00fccklicherweise nur leicht verletzt und konnte sich selbst aus dem Pkw befreien. N\u00e4here Informationen liegen derzeit noch nicht vor. Es wird nachberichtet.<\/p>\n<p class=\"contact-headline\">R\u00fcckfragen bitte an:<\/p>\n<p class=\"contact-text\">Polizeipr\u00e4sidium Mannheim<br \/>F\u00fchrungs- und Lagezentrum<br \/>Tobias Misch<br \/>Telefon: 0621 174-1111<br \/>E-Mail: <a href=\"https:\/\/www.blicklokal.de\/pol-ma-heidelberg-neuenheim-pkw-ueberschlaegt-sich-und-kommt-auf-dach-zum-liegen-pm-nr-1-4\/mailto:%20mannheim.pp@polizei.bwl.de\" class=\"uri-mailto\" target=\"_blank\" rel=\"noopener\"> mannheim.pp@polizei.bwl.de<\/a><br \/><a target=\"_blank\" class=\"uri-ext outbound\" rel=\"noopener\" href=\"http:\/\/www.polizei-bw.de\/\">http:\/\/www.polizei-bw.de\/<\/a><\/p>\n<p class=\"originator\">Original-Content von: Polizeipr\u00e4sidium Mannheim, \u00fcbermittelt durch news aktuell<\/p>\n","protected":false},"excerpt":{"rendered":"Heidelberg-Neuenheim (ots) Aktuell befinden sich Polizei, Feuerwehr und Rettungsdienst \u201eIn der Neckarhelle\u201c\/ L534 in Heidelberg im Einsatz, nachdem&hellip;\n","protected":false},"author":2,"featured_media":155929,"comment_status":"","ping_status":"","sticky":false,"template":"","format":"standard","meta":{"footnotes":""},"categories":[1845],"tags":[40332,40331,12277,1634,40330,40337,3364,29,548,663,3934,4447,30,13,40333,2096,14,15,40335,40329,40334,23879,12,3866,40336,40328],"class_list":{"0":"post-295333","1":"post","2":"type-post","3":"status-publish","4":"format-standard","5":"has-post-thumbnail","7":"category-mannheim","8":"tag-anzeigenblatt-main-tauber","9":"tag-anzeigenblatt-neckar-odenwald","10":"tag-anzeigenwerbung","11":"tag-baden-wuerttemberg","12":"tag-beilagenwerbung-wertheim","13":"tag-blicklokal","14":"tag-de","15":"tag-deutschland","16":"tag-eu","17":"tag-europa","18":"tag-europe","19":"tag-events","20":"tag-germany","21":"tag-headlines","22":"tag-kleinanzeigen-main-tauber","23":"tag-mannheim","24":"tag-nachrichten","25":"tag-news","26":"tag-printwerbung-main-tauber","27":"tag-prospektbeilage-tauberbischofsheim","28":"tag-prospektverteilung-tauberbischofsheim","29":"tag-rothenburg-ob-der-tauber","30":"tag-schlagzeilen","31":"tag-veranstaltungen","32":"tag-wertheim","33":"tag-wochenzeitung-main-tauber"},"share_on_mastodon":{"url":"","error":"Validation failed: Text character limit of 500 exceeded"},"_links":{"self":[{"href":"https:\/\/www.europesays.com\/de\/wp-json\/wp\/v2\/posts\/295333","targetHints":{"allow":["GET"]}}],"collection":[{"href":"https:\/\/www.europesays.com\/de\/wp-json\/wp\/v2\/posts"}],"about":[{"href":"https:\/\/www.europesays.com\/de\/wp-json\/wp\/v2\/types\/post"}],"author":[{"embeddable":true,"href":"https:\/\/www.europesays.com\/de\/wp-json\/wp\/v2\/users\/2"}],"replies":[{"embeddable":true,"href":"https:\/\/www.europesays.com\/de\/wp-json\/wp\/v2\/comments?post=295333"}],"version-history":[{"count":0,"href":"https:\/\/www.europesays.com\/de\/wp-json\/wp\/v2\/posts\/295333\/revisions"}],"wp:featuredmedia":[{"embeddable":true,"href":"https:\/\/www.europesays.com\/de\/wp-json\/wp\/v2\/media\/155929"}],"wp:attachment":[{"href":"https:\/\/www.europesays.com\/de\/wp-json\/wp\/v2\/media?parent=295333"}],"wp:term":[{"taxonomy":"category","embeddable":true,"href":"https:\/\/www.europesays.com\/de\/wp-json\/wp\/v2\/categories?post=295333"},{"taxonomy":"post_tag","embeddable":true,"href":"https:\/\/www.europesays.com\/de\/wp-json\/wp\/v2\/tags?post=295333"}],"curies":[{"name":"wp","href":"https:\/\/api.w.org\/{rel}","templated":true}]}}