{"id":295450,"date":"2025-07-26T12:35:15","date_gmt":"2025-07-26T12:35:15","guid":{"rendered":"https:\/\/www.europesays.com\/de\/295450\/"},"modified":"2025-07-26T12:35:15","modified_gmt":"2025-07-26T12:35:15","slug":"fc-bayern-adam-aznou-hinterlegt-wechselwunsch-keine-perspektive-2","status":"publish","type":"post","link":"https:\/\/www.europesays.com\/de\/295450\/","title":{"rendered":"FC Bayern: Adam Aznou hinterlegt Wechselwunsch \u2013 Keine Perspektive"},"content":{"rendered":"<p>Auch Interesse aus Spanien\u00a0<\/p>\n<p>                                    <img decoding=\"async\" src=\"https:\/\/www.europesays.com\/de\/wp-content\/uploads\/2025\/07\/1753533312_955_adam-aznou-fc-bayern-2024-1730626556-153200.jpg\" title=\"FC Bayern: Adam Aznou hinterlegt Wechselwunsch \u2013 Keine Perspektive\" alt=\"FC Bayern: Adam Aznou hinterlegt Wechselwunsch \u2013 Keine Perspektive\"\/><\/p>\n<p>\n                                       \u00a9IMAGO\n                                    <\/p>\n<p>Dieser Artikel erschien um 9:43 Uhr und wurde anschlie\u00dfend mit neuen Informationen aktualisiert.<\/p>\n<p>Linksverteidiger\u00a0<a title=\"Adam Aznou\" href=\"https:\/\/www.transfermarkt.de\/adam-aznou\/profil\/spieler\/938146\" target=\"_blank\" rel=\"nofollow noopener\">Adam Aznou<\/a> m\u00f6chte den\u00a0<a title=\"FC Bayern M\u00fcnchen\" href=\"https:\/\/www.transfermarkt.de\/fc-bayern-m-nchen\/startseite\/verein\/27\" target=\"_blank\" rel=\"nofollow noopener\">FC Bayern<\/a> Informationen der \u201eBild\u201c zufolge trotz laufenden Vertrages bis 2027 in diesem Sommer verlassen. Demnach hat der 19-J\u00e4hrige an der S\u00e4bener Stra\u00dfe seinen Wechselwunsch hinterlegt. Der Grund daf\u00fcr sei die mangelnde Perspektive auf regelm\u00e4\u00dfige Einsatzzeit.<\/p>\n<p><\/p>\n<p>Diese sehe der Youngster unter Trainer\u00a0<a title=\"Vincent Kompany\" href=\"https:\/\/www.transfermarkt.de\/vincent-kompany\/profil\/trainer\/69681\" target=\"_blank\" rel=\"nofollow noopener\">Vincent Kompany<\/a> nicht mehr, weshalb er nach M\u00f6glichkeit dauerhaft verkauft werden m\u00f6chte, schreibt das Blatt. Der in Barcelona geborene Nationalspieler Marokkos war im vergangenen Jahr zu den Profis des Rekordmeisters gesto\u00dfen, kam f\u00fcr die Profis seither jedoch lediglich auf vier Kurzeins\u00e4tze mit insgesamt 25 Minuten Spielzeit. In der R\u00fcckserie verliehen die M\u00fcnchner den bis zur U16 in La Masia ausgebildeten Abwehrspieler zum spanischen Erstligisten <a title=\"Real Valladolid\" href=\"https:\/\/www.transfermarkt.de\/real-valladolid\/startseite\/verein\/366\" target=\"_blank\" rel=\"nofollow noopener\">Real Valladolid<\/a>. Aznous dortige Bilanz: 13 Spiele, zehnmal Startelf, sieben Partien \u00fcber die volle Distanz.<\/p>\n<p><\/p>\n<p>Bei der Klub-WM durfte der Linksfu\u00df nach seiner vorzeitigen R\u00fcckkehr zum FCB beim Auftaktsieg gegen\u00a0<a title=\"Auckland City FC\" href=\"https:\/\/www.transfermarkt.de\/auckland-city-fc\/startseite\/verein\/11391\" target=\"_blank\" rel=\"nofollow noopener\">Auckland City<\/a> acht Minuten ran und blieb im weiteren Turnierverlauf Bankdr\u00fccker. Zu wenig f\u00fcr das Talent,\u00a0dem zuletzt <a title=\"Rapha\u00ebl Guerreiro\" href=\"https:\/\/www.transfermarkt.de\/rapha-l-guerreiro\/profil\/spieler\/170986\" target=\"_blank\" rel=\"nofollow noopener\">Rapha\u00ebl Guerreiro<\/a> und <a title=\"Josip Stanisic\" href=\"https:\/\/www.transfermarkt.de\/josip-stanisic\/profil\/spieler\/483046\" target=\"_blank\" rel=\"nofollow noopener\">Josip Stanisic<\/a> auf den defensiven Au\u00dfenbahnen vorgezogen wurden. Nach \u00fcberstandener Verletzung k\u00e4me zudem\u00a0<a title=\"Alphonso Davies\" href=\"https:\/\/www.transfermarkt.de\/alphonso-davies\/profil\/spieler\/424204\" target=\"_blank\" rel=\"nofollow noopener\">Alphonso Davies<\/a> voraussichtlich ab Herbst auf der linken Seite als Konkurrent hinzu. Ein weiterer Faktor f\u00fcr Aznous Wechselabsichten: Ende 2025 will er mit\u00a0<a title=\"Marokko\" href=\"https:\/\/www.transfermarkt.de\/marokko\/startseite\/verein\/3575\" target=\"_blank\" rel=\"nofollow noopener\">Marokko<\/a> den\u00a0<a title=\"Afrika-Cup\" href=\"https:\/\/www.transfermarkt.de\/afrika-cup\/startseite\/wettbewerb\/AFCN\" target=\"_blank\" rel=\"nofollow noopener\">Afrika-Cup<\/a> spielen und ben\u00f6tigt Praxis, um sich f\u00fcr den Kader von Coach\u00a0<a title=\"Walid Regragui\" href=\"https:\/\/www.transfermarkt.de\/walid-regragui\/profil\/trainer\/26199\" target=\"_blank\" rel=\"nofollow noopener\">Walid Regragui<\/a> zu empfehlen.\u00a0<\/p>\n<p><\/p>\n<p>Ob und zu welchen Konditionen der FC Bayern Aznou ziehen lassen w\u00fcrde, bleibt abzuwarten. Einige Interessenten soll es in Spanien geben. So werden seit einiger Zeit\u00a0<a title=\"Real Betis Sevilla\" href=\"https:\/\/www.transfermarkt.de\/real-betis-sevilla\/startseite\/verein\/150\" target=\"_blank\" rel=\"nofollow noopener\">Real Betis Sevilla<\/a> sowie der\u00a0<a title=\"FC Getafe\" href=\"https:\/\/www.transfermarkt.de\/fc-getafe\/startseite\/verein\/3709\" target=\"_blank\" rel=\"nofollow noopener\">FC Getafe<\/a> als potenzielle Abnehmer in der TM-Ger\u00fcchtek\u00fcche gehandelt.<\/p>\n<p>\n    <a class=\"bbcodesLink\" href=\"https:\/\/www.transfermarkt.de\/adam-aznou-zu-fc-getafe-\/thread\/forum\/154\/thread_id\/1084810\" rel=\"nofollow noopener\" target=\"_blank\"><\/p>\n<tr>\n<p>                        Ger\u00fccht<\/p>\n<\/tr>\n<tr class=\"contentzeile\">\n<td class=\"spielerbild\" rowspan=\"2\">\n                        <img decoding=\"async\" src=\"https:\/\/www.europesays.com\/de\/wp-content\/uploads\/2025\/07\/938146-1739807816.jpg\" title=\"Adam Aznou\" alt=\"Adam Aznou\" class=\"\"\/>                    <\/td>\n<td class=\"spielername\">\n                        <a title=\"Adam Aznou\" href=\"https:\/\/www.transfermarkt.de\/adam-aznou\/profil\/spieler\/938146\" rel=\"nofollow noopener\" target=\"_blank\">A. Aznou<\/a>                    <\/td>\n<td class=\"vereinswappen\" rowspan=\"2\">\n                        <img decoding=\"async\" src=\"https:\/\/www.europesays.com\/de\/wp-content\/uploads\/2025\/04\/27.png\" title=\"FC Bayern M\u00fcnchen\" alt=\"FC Bayern M\u00fcnchen\" class=\"\"\/>                    <\/td>\n<td class=\"c2action\" rowspan=\"2\"><\/td>\n<\/tr>\n<tr class=\"contentzeile\">\n<td class=\"position\">\n                        Linker Verteidiger                    <\/td>\n<\/tr>\n<tr class=\"contentZeileSpielerGK\">\n<td colspan=\"4\">\n<tr>\n<td class=\"vereinsname\">\n                                    Bayern M\u00fcnchen                                <\/td>\n<td class=\"vereinswappen\" rowspan=\"2\">\n                                    <img decoding=\"async\" src=\"https:\/\/www.europesays.com\/de\/wp-content\/uploads\/2025\/04\/27.png\" title=\"FC Bayern M\u00fcnchen\" alt=\"FC Bayern M\u00fcnchen\" class=\"\"\/>                                <\/td>\n<td class=\"wahrscheinlichkeit-auf\" rowspan=\"2\">\n<p>\u00a0<\/p>\n<p>                                        63                                        %\n                                                                        <\/td>\n<td class=\"vereinswappen\" rowspan=\"2\">\n                                    <img decoding=\"async\" src=\"https:\/\/www.europesays.com\/de\/wp-content\/uploads\/2025\/07\/3709.png\" title=\"FC Getafe\" alt=\"FC Getafe\" class=\"\"\/>                                <\/td>\n<td class=\"vereinsname\">\n                                    FC Getafe                                <\/td>\n<\/tr>\n<tr>\n<td>\n                                    Bundesliga                                <\/td>\n<td>\n                                    LaLiga                                <\/td>\n<\/tr>\n<\/td>\n<\/tr>\n<p>    <\/a><br \/>\n<br \/><a class=\"bbcodesLink\" href=\"https:\/\/www.transfermarkt.de\/adam-aznou-zu-real-betis-sevilla-\/thread\/forum\/154\/thread_id\/1084811\" rel=\"nofollow noopener\" target=\"_blank\"><\/p>\n<tr>\n<p>                        Ger\u00fccht<\/p>\n<\/tr>\n<tr class=\"contentzeile\">\n<td class=\"spielerbild\" rowspan=\"2\">\n                        <img decoding=\"async\" src=\"https:\/\/www.europesays.com\/de\/wp-content\/uploads\/2025\/07\/938146-1739807816.jpg\" title=\"Adam Aznou\" alt=\"Adam Aznou\" class=\"\"\/>                    <\/td>\n<td class=\"spielername\">\n                        <a title=\"Adam Aznou\" href=\"https:\/\/www.transfermarkt.de\/adam-aznou\/profil\/spieler\/938146\" rel=\"nofollow noopener\" target=\"_blank\">A. Aznou<\/a>                    <\/td>\n<td class=\"vereinswappen\" rowspan=\"2\">\n                        <img decoding=\"async\" src=\"https:\/\/www.europesays.com\/de\/wp-content\/uploads\/2025\/04\/27.png\" title=\"FC Bayern M\u00fcnchen\" alt=\"FC Bayern M\u00fcnchen\" class=\"\"\/>                    <\/td>\n<td class=\"c2action\" rowspan=\"2\"><\/td>\n<\/tr>\n<tr class=\"contentzeile\">\n<td class=\"position\">\n                        Linker Verteidiger                    <\/td>\n<\/tr>\n<tr class=\"contentZeileSpielerGK\">\n<td colspan=\"4\">\n<tr>\n<td class=\"vereinsname\">\n                                    Bayern M\u00fcnchen                                <\/td>\n<td class=\"vereinswappen\" rowspan=\"2\">\n                                    <img decoding=\"async\" src=\"https:\/\/www.europesays.com\/de\/wp-content\/uploads\/2025\/04\/27.png\" title=\"FC Bayern M\u00fcnchen\" alt=\"FC Bayern M\u00fcnchen\" class=\"\"\/>                                <\/td>\n<td class=\"wahrscheinlichkeit-ab\" rowspan=\"2\">\n<p>\u00a0<\/p>\n<p>                                        44                                        %\n                                                                        <\/td>\n<td class=\"vereinswappen\" rowspan=\"2\">\n                                    <img decoding=\"async\" src=\"https:\/\/www.europesays.com\/de\/wp-content\/uploads\/2025\/07\/150.png\" title=\"Real Betis Sevilla\" alt=\"Real Betis Sevilla\" class=\"\"\/>                                <\/td>\n<td class=\"vereinsname\">\n                                    Betis Sevilla                                <\/td>\n<\/tr>\n<tr>\n<td>\n                                    Bundesliga                                <\/td>\n<td>\n                                    LaLiga                                <\/td>\n<\/tr>\n<\/td>\n<\/tr>\n<p>    <\/a>\n<\/p>\n<p>Am Samstagmittag berichtete \u201e<a href=\"https:\/\/www.nytimes.com\/athletic\/6508188\/2025\/07\/26\/adam-aznou-everton-bayern-transfer\/\" target=\"_blank\" rel=\"nofollow noopener\">The Athletic<\/a>\u201c, dass auch der\u00a0<a title=\"FC Everton\" href=\"https:\/\/www.transfermarkt.de\/fc-everton\/startseite\/verein\/29\" target=\"_blank\" rel=\"nofollow noopener\">FC Everton<\/a> aus England seine Bem\u00fchungen um den Abwehrspieler intensiviert hat. Demnach seien die Toffees bereit, eine Abl\u00f6se in H\u00f6he von 9 Millionen Euro f\u00fcr den Bayern-Profi auf den Tisch zu legen. Everton-Coach\u00a0<a title=\"David Moyes\" href=\"https:\/\/www.transfermarkt.de\/david-moyes\/profil\/trainer\/450\" target=\"_blank\" rel=\"nofollow noopener\">David Moyes<\/a> hatte kurz zuvor auf einer \u00f6ffentlichen Veranstaltung angek\u00fcndigt, bis zum Saisonstart der Premier League noch \u201eneun bis zehn Neuzug\u00e4nge\u201c\u00a0verpflichten zu wollen.\u00a0<\/p>\n<p>\n    <a class=\"bbcodesLink\" href=\"https:\/\/www.transfermarkt.de\/adam-aznou-zu-fc-everton-\/thread\/forum\/154\/thread_id\/1086136\" rel=\"nofollow noopener\" target=\"_blank\"><\/p>\n<tr>\n<p>                        Ger\u00fccht<\/p>\n<\/tr>\n<tr class=\"contentzeile\">\n<td class=\"spielerbild\" rowspan=\"2\">\n                        <img decoding=\"async\" src=\"https:\/\/www.europesays.com\/de\/wp-content\/uploads\/2025\/07\/938146-1739807816.jpg\" title=\"Adam Aznou\" alt=\"Adam Aznou\" class=\"\"\/>                    <\/td>\n<td class=\"spielername\">\n                        <a title=\"Adam Aznou\" href=\"https:\/\/www.transfermarkt.de\/adam-aznou\/profil\/spieler\/938146\" rel=\"nofollow noopener\" target=\"_blank\">A. Aznou<\/a>                    <\/td>\n<td class=\"vereinswappen\" rowspan=\"2\">\n                        <img decoding=\"async\" src=\"https:\/\/www.europesays.com\/de\/wp-content\/uploads\/2025\/04\/27.png\" title=\"FC Bayern M\u00fcnchen\" alt=\"FC Bayern M\u00fcnchen\" class=\"\"\/>                    <\/td>\n<td class=\"c2action\" rowspan=\"2\"><\/td>\n<\/tr>\n<tr class=\"contentzeile\">\n<td class=\"position\">\n                        Linker Verteidiger                    <\/td>\n<\/tr>\n<tr class=\"contentZeileSpielerGK\">\n<td colspan=\"4\">\n<tr>\n<td class=\"vereinsname\">\n                                    Bayern M\u00fcnchen                                <\/td>\n<td class=\"vereinswappen\" rowspan=\"2\">\n                                    <img decoding=\"async\" src=\"https:\/\/www.europesays.com\/de\/wp-content\/uploads\/2025\/04\/27.png\" title=\"FC Bayern M\u00fcnchen\" alt=\"FC Bayern M\u00fcnchen\" class=\"\"\/>                                <\/td>\n<td class=\"wahrscheinlichkeit-auf\" rowspan=\"2\">\n<p>\u00a0<\/p>\n<p>                                        50                                        %\n                                                                        <\/td>\n<td class=\"vereinswappen\" rowspan=\"2\">\n                                    <img decoding=\"async\" src=\"https:\/\/www.europesays.com\/de\/wp-content\/uploads\/2025\/07\/29.png\" title=\"FC Everton\" alt=\"FC Everton\" class=\"\"\/>                                <\/td>\n<td class=\"vereinsname\">\n                                    FC Everton                                <\/td>\n<\/tr>\n<tr>\n<td>\n                                    Bundesliga                                <\/td>\n<td>\n                                    Premier League                                <\/td>\n<\/tr>\n<\/td>\n<\/tr>\n<p>    <\/a>\n<\/p>\n<p><\/p>\n","protected":false},"excerpt":{"rendered":"Auch Interesse aus Spanien\u00a0 \u00a9IMAGO Dieser Artikel erschien um 9:43 Uhr und wurde anschlie\u00dfend mit neuen Informationen aktualisiert.&hellip;\n","protected":false},"author":2,"featured_media":295021,"comment_status":"","ping_status":"","sticky":false,"template":"","format":"standard","meta":{"footnotes":""},"categories":[136],"tags":[86360,299,29,458,30,265],"class_list":{"0":"post-295450","1":"post","2":"type-post","3":"status-publish","4":"format-standard","5":"has-post-thumbnail","7":"category-sport","8":"tag-adam-aznou","9":"tag-bundesliga","10":"tag-deutschland","11":"tag-fc-bayern-muenchen","12":"tag-germany","13":"tag-sport"},"share_on_mastodon":{"url":"https:\/\/pubeurope.com\/@de\/114919567058232196","error":""},"_links":{"self":[{"href":"https:\/\/www.europesays.com\/de\/wp-json\/wp\/v2\/posts\/295450","targetHints":{"allow":["GET"]}}],"collection":[{"href":"https:\/\/www.europesays.com\/de\/wp-json\/wp\/v2\/posts"}],"about":[{"href":"https:\/\/www.europesays.com\/de\/wp-json\/wp\/v2\/types\/post"}],"author":[{"embeddable":true,"href":"https:\/\/www.europesays.com\/de\/wp-json\/wp\/v2\/users\/2"}],"replies":[{"embeddable":true,"href":"https:\/\/www.europesays.com\/de\/wp-json\/wp\/v2\/comments?post=295450"}],"version-history":[{"count":0,"href":"https:\/\/www.europesays.com\/de\/wp-json\/wp\/v2\/posts\/295450\/revisions"}],"wp:featuredmedia":[{"embeddable":true,"href":"https:\/\/www.europesays.com\/de\/wp-json\/wp\/v2\/media\/295021"}],"wp:attachment":[{"href":"https:\/\/www.europesays.com\/de\/wp-json\/wp\/v2\/media?parent=295450"}],"wp:term":[{"taxonomy":"category","embeddable":true,"href":"https:\/\/www.europesays.com\/de\/wp-json\/wp\/v2\/categories?post=295450"},{"taxonomy":"post_tag","embeddable":true,"href":"https:\/\/www.europesays.com\/de\/wp-json\/wp\/v2\/tags?post=295450"}],"curies":[{"name":"wp","href":"https:\/\/api.w.org\/{rel}","templated":true}]}}