{"id":295621,"date":"2025-07-26T14:10:16","date_gmt":"2025-07-26T14:10:16","guid":{"rendered":"https:\/\/www.europesays.com\/de\/295621\/"},"modified":"2025-07-26T14:10:16","modified_gmt":"2025-07-26T14:10:16","slug":"senioren-werden-opfer-von-betrugsserie","status":"publish","type":"post","link":"https:\/\/www.europesays.com\/de\/295621\/","title":{"rendered":"Senioren werden Opfer von Betrugsserie"},"content":{"rendered":"<p>\t\tSenioren werden Opfer von Betr\u00fcgern<br \/>\n\t\t\t\t\tF\u00e4lle in Bottrop und Gladbeck<\/p>\n<p>    <a href=\"https:\/\/www.recklinghaeuser-zeitung.de\/wp-content\/uploads\/2025\/07\/25\/15\/630_0900_4897184_235195987-1648x824.jpg\" target=\"_blank\" rel=\"noopener\"><\/p>\n<p>            <img loading=\"lazy\" decoding=\"async\" src=\"https:\/\/www.europesays.com\/de\/wp-content\/uploads\/2025\/07\/630_0900_4897183_235195987-640x428.jpg\" width=\"640\" height=\"428\"  alt=\"Man sieht eine Seniorin mit einem Festnetztelefon (von hinten aufgenommen)\"\/><\/p>\n<p>    <\/a><br \/>\n    Oft reicht ein Anruf der Betr\u00fcger, um das Vertrauen der T\u00e4ter zu gewinnen (Symbolbild). \u00a9 picture alliance\/dpa<\/p>\n<p class=\"article__teaser-text\">Im Kreis Recklinghausen kommt es vermehrt zu Betrugsf\u00e4llen. Nun sind Seniorinnen aus Bottrop und Gladbeck betroffen.<\/p>\n<p>1 Min Lesezeit<\/p>\n","protected":false},"excerpt":{"rendered":"Senioren werden Opfer von Betr\u00fcgern F\u00e4lle in Bottrop und Gladbeck Oft reicht ein Anruf der Betr\u00fcger, um das&hellip;\n","protected":false},"author":2,"featured_media":295622,"comment_status":"","ping_status":"","sticky":false,"template":"","format":"standard","meta":{"footnotes":""},"categories":[1848],"tags":[44492,3364,29,548,663,3934,3658,30,13,14,15,1209,12,3826],"class_list":{"0":"post-295621","1":"post","2":"type-post","3":"status-publish","4":"format-standard","5":"has-post-thumbnail","7":"category-gelsenkirchen","8":"tag-betrugsserie","9":"tag-de","10":"tag-deutschland","11":"tag-eu","12":"tag-europa","13":"tag-europe","14":"tag-gelsenkirchen","15":"tag-germany","16":"tag-headlines","17":"tag-nachrichten","18":"tag-news","19":"tag-nordrhein-westfalen","20":"tag-schlagzeilen","21":"tag-sicherheit-kriminalitaet"},"share_on_mastodon":{"url":"https:\/\/pubeurope.com\/@de\/114919940061160535","error":""},"_links":{"self":[{"href":"https:\/\/www.europesays.com\/de\/wp-json\/wp\/v2\/posts\/295621","targetHints":{"allow":["GET"]}}],"collection":[{"href":"https:\/\/www.europesays.com\/de\/wp-json\/wp\/v2\/posts"}],"about":[{"href":"https:\/\/www.europesays.com\/de\/wp-json\/wp\/v2\/types\/post"}],"author":[{"embeddable":true,"href":"https:\/\/www.europesays.com\/de\/wp-json\/wp\/v2\/users\/2"}],"replies":[{"embeddable":true,"href":"https:\/\/www.europesays.com\/de\/wp-json\/wp\/v2\/comments?post=295621"}],"version-history":[{"count":0,"href":"https:\/\/www.europesays.com\/de\/wp-json\/wp\/v2\/posts\/295621\/revisions"}],"wp:featuredmedia":[{"embeddable":true,"href":"https:\/\/www.europesays.com\/de\/wp-json\/wp\/v2\/media\/295622"}],"wp:attachment":[{"href":"https:\/\/www.europesays.com\/de\/wp-json\/wp\/v2\/media?parent=295621"}],"wp:term":[{"taxonomy":"category","embeddable":true,"href":"https:\/\/www.europesays.com\/de\/wp-json\/wp\/v2\/categories?post=295621"},{"taxonomy":"post_tag","embeddable":true,"href":"https:\/\/www.europesays.com\/de\/wp-json\/wp\/v2\/tags?post=295621"}],"curies":[{"name":"wp","href":"https:\/\/api.w.org\/{rel}","templated":true}]}}