{"id":296051,"date":"2025-07-26T18:07:11","date_gmt":"2025-07-26T18:07:11","guid":{"rendered":"https:\/\/www.europesays.com\/de\/296051\/"},"modified":"2025-07-26T18:07:11","modified_gmt":"2025-07-26T18:07:11","slug":"saisoneroeffnung-greifswalder-fc-startet-in-chemnitz","status":"publish","type":"post","link":"https:\/\/www.europesays.com\/de\/296051\/","title":{"rendered":"Saisoner\u00f6ffnung: Greifswalder FC startet in Chemnitz"},"content":{"rendered":"<p>\n            Stand: 26.07.2025 19:00 Uhr<\/p>\n<p>                    <a href=\"https:\/\/www.europesays.com\/de\/wp-content\/uploads\/2025\/07\/mvfoto-688.webp\" class=\"zoomimage\" title=\"Bild vergr\u00f6\u00dfern\"><\/p>\n<p>        <img decoding=\"async\" src=\"https:\/\/www.europesays.com\/de\/wp-content\/uploads\/2025\/07\/mvfoto-688.webp\" alt=\"Die Fu\u00dfballmannschaft des Greifswalder FC steht zusammen auf dem Rasen.\" title=\"Der Greifswalder FC startet ausw\u00e4rts gegen den Chemnitzer FC in die neue Saison der Fu\u00dfballregionalliga Nordost. (Archivbild) | Greifswalder FC\" class=\"responsive\" loading=\"lazy\"\/><\/p>\n<p>                    <\/a><\/p>\n<p>                    Der Greifswalder FC startet ausw\u00e4rts gegen den Chemnitzer FC in die neue Saison der Fu\u00dfballregionalliga Nordost. (Archivbild)<\/p>\n<p class=\"\">\nZw\u00f6lf Abg\u00e4nge, zw\u00f6lf Neuzug\u00e4nge &#8211; die Mannschaft des Greifswalder FC (Landkreis Vorpommern-Greifswald) muss sich neu finden. In der Vorbereitungszeit habe das Team bereits gezeigt, dass die Qualit\u00e4t stimmt, sagte Trainer Markus Zschiesche dem NDR. Jetzt m\u00fcsse die Leistung bei den Punktspielen auf den Platz. Der erste Pr\u00fcfstein: das Auftaktspiel zur neuen Saison der Regionalliga Nordost gegen den Chemnitzer FC am Sonntag.<\/p>\n<p>    Starke Neuzug\u00e4nge bei geringerem Etat<\/p>\n<p class=\"\">\nAuf den Schl\u00fcsselpositionen hat sich der GFC trotz des geringeren Budgets qualitativ verst\u00e4rkt. Da sind zum Beispiel Steffen Eder und Edgar Kaizer &#8211; zusammen mit Mike Eglseder drei sehr gute Innenverteidiger, so Zschiesche weiter. Alle neu verpflichteten Spieler w\u00fcrden zu dem Fu\u00dfball passen, den der Greifswalder FC auf den Rasen bringen m\u00f6chte: \u00fcberlegt, hohes Tempo, viele erarbeitete Torchancen und aktiv auf dem Platz. Das Saisonziel f\u00fcr den Fu\u00dfballregionalligisten aus Vorpommern steht fest, soll vorerst aber noch intern bleiben. Innerhalb der Liga z\u00e4hlt der Greifswalder FC schon jetzt zu den Favoriten in der bevorstehenden Saison.<\/p>\n<p>Dieses Thema im Programm:<\/p>\n<p>                NDR 1 Radio MV | Regionalnachrichten aus Greifswald | 27.07.2025 | 12:30 Uhr<\/p>\n","protected":false},"excerpt":{"rendered":"Stand: 26.07.2025 19:00 Uhr Der Greifswalder FC startet ausw\u00e4rts gegen den Chemnitzer FC in die neue Saison der&hellip;\n","protected":false},"author":2,"featured_media":296052,"comment_status":"","ping_status":"","sticky":false,"template":"","format":"standard","meta":{"footnotes":""},"categories":[1851],"tags":[590,2770,3364,29,548,663,3934,347,30,12445,13,86551,66058,1351,66057,1352,66056,1353,14,15,1354,3459,859,12],"class_list":{"0":"post-296051","1":"post","2":"type-post","3":"status-publish","4":"format-standard","5":"has-post-thumbnail","7":"category-chemnitz","8":"tag-aktuell","9":"tag-chemnitz","10":"tag-de","11":"tag-deutschland","12":"tag-eu","13":"tag-europa","14":"tag-europe","15":"tag-fussball","16":"tag-germany","17":"tag-greifswalder-fc","18":"tag-headlines","19":"tag-landkreis-vorpommern-greifswald","20":"tag-meck-pomm","21":"tag-mecklenburg-vorpommern","22":"tag-mecklenburg-vorpommern-aktuell","23":"tag-mv","24":"tag-mv-nachrichten","25":"tag-mv-news","26":"tag-nachrichten","27":"tag-news","28":"tag-news-mv","29":"tag-regionalliga","30":"tag-sachsen","31":"tag-schlagzeilen"},"share_on_mastodon":{"url":"https:\/\/pubeurope.com\/@de\/114920871897863579","error":""},"_links":{"self":[{"href":"https:\/\/www.europesays.com\/de\/wp-json\/wp\/v2\/posts\/296051","targetHints":{"allow":["GET"]}}],"collection":[{"href":"https:\/\/www.europesays.com\/de\/wp-json\/wp\/v2\/posts"}],"about":[{"href":"https:\/\/www.europesays.com\/de\/wp-json\/wp\/v2\/types\/post"}],"author":[{"embeddable":true,"href":"https:\/\/www.europesays.com\/de\/wp-json\/wp\/v2\/users\/2"}],"replies":[{"embeddable":true,"href":"https:\/\/www.europesays.com\/de\/wp-json\/wp\/v2\/comments?post=296051"}],"version-history":[{"count":0,"href":"https:\/\/www.europesays.com\/de\/wp-json\/wp\/v2\/posts\/296051\/revisions"}],"wp:featuredmedia":[{"embeddable":true,"href":"https:\/\/www.europesays.com\/de\/wp-json\/wp\/v2\/media\/296052"}],"wp:attachment":[{"href":"https:\/\/www.europesays.com\/de\/wp-json\/wp\/v2\/media?parent=296051"}],"wp:term":[{"taxonomy":"category","embeddable":true,"href":"https:\/\/www.europesays.com\/de\/wp-json\/wp\/v2\/categories?post=296051"},{"taxonomy":"post_tag","embeddable":true,"href":"https:\/\/www.europesays.com\/de\/wp-json\/wp\/v2\/tags?post=296051"}],"curies":[{"name":"wp","href":"https:\/\/api.w.org\/{rel}","templated":true}]}}